{"id":73972,"date":"2026-04-30T17:31:30","date_gmt":"2026-04-30T20:31:30","guid":{"rendered":"https:\/\/evertectrends.com\/?p=73972"},"modified":"2026-04-30T17:39:58","modified_gmt":"2026-04-30T20:39:58","slug":"evertec-finaliza-aquisicao-da-dimensa-por-r-981-milhoes-e-amplia-sua-atuacao-no-setor-financeiro-brasileiro","status":"publish","type":"post","link":"https:\/\/evertectrends.com\/pt-br\/evertec-finaliza-aquisicao-da-dimensa-por-r-981-milhoes-e-amplia-sua-atuacao-no-setor-financeiro-brasileiro\/","title":{"rendered":"Evertec finaliza aquisi\u00e7\u00e3o da Dimensa por R$ 981 milh\u00f5es e amplia sua atua\u00e7\u00e3o no setor financeiro brasileiro"},"content":{"rendered":"\n<p class=\"has-background\" style=\"border-top-right-radius:20px;border-bottom-right-radius:20px;border-right-color:#00cfb4;border-right-width:3px;background-color:#abb7c212;padding-top:12px;padding-right:12px;padding-bottom:12px;padding-left:12px;font-style:normal;font-weight:300\">A aquisi\u00e7\u00e3o da Dimensa permite \u00e0 Evertec expandir sua presen\u00e7a no Brasil e fortalecer seu portf\u00f3lio com solu\u00e7\u00f5es para bancos, fundos, risco e seguros, apoiando institui\u00e7\u00f5es financeiras em um ambiente digital competitivo.<\/p>\n\n<p><em>Movimento estrat\u00e9gico amplia o portf\u00f3lio da companhia com solu\u00e7\u00f5es de Riscos e Seguros e fortalece suas ofertas para Banking e Fundos<\/em><\/p>\n\n<p><strong>S\u00e3o Paulo, 30 de abril de 2026<\/strong> \u2013 Refor\u00e7ando seu compromisso com o crescimento e a consolida\u00e7\u00e3o de sua presen\u00e7a no Brasil, a Evertec (NYSE: EVTC), l\u00edder em processamento de pagamentos e tecnologia financeira na Am\u00e9rica Latina, anuncia hoje a conclus\u00e3o da aquisi\u00e7\u00e3o de 100% de participa\u00e7\u00e3o da Dimensa, empresa brasileira de tecnologia especializada em solu\u00e7\u00f5es para institui\u00e7\u00f5es financeiras.<\/p>\n\n<p>A transa\u00e7\u00e3o, previamente anunciada ao mercado, recebeu as aprova\u00e7\u00f5es regulat\u00f3rias necess\u00e1rias, incluindo do Conselho Administrativo de Defesa Econ\u00f4mica (CADE) e foi oficialmente conclu\u00edda pelo valor de compra de aproximadamente R$ 981 milh\u00f5es. <\/p>\n\n<p>Com sede em S\u00e3o Paulo, a Dimensa atende mais de 15 mil clientes e possui forte atua\u00e7\u00e3o no sistema financeiro brasileiro. Fundada em 2021 ap\u00f3s um spin-off da TOTVS, com participa\u00e7\u00e3o da B3, a companhia consolidou-se como uma plataforma robusta de tecnologia para os segmentos de Banking, Fundos, Riscos e Seguros.<\/p>\n\n<blockquote class=\"wp-block-quote has-background is-layout-flow wp-block-quote-is-layout-flow\" style=\"border-top-left-radius:20px;border-top-right-radius:20px;border-bottom-left-radius:20px;border-bottom-right-radius:20px;border-right-color:#00cfb4;border-right-width:3px;border-left-color:#00cfb4;border-left-width:3px;background-color:#abb7c229;padding-top:12px;padding-right:12px;padding-bottom:12px;padding-left:12px;font-style:normal;font-weight:400\">\n<p>Segundo <strong>Claudio Prado, Vice-Presidente Executivo e respons\u00e1vel pelas opera\u00e7\u00f5es da Evertec no Brasil<\/strong>, \u201ca conclus\u00e3o dessa aquisi\u00e7\u00e3o representa um passo transformacional para nossa estrat\u00e9gia no pa\u00eds. A Dimensa adiciona capacidades complementares ao nosso portf\u00f3lio, amplia nossa escala no mercado brasileiro e refor\u00e7a nosso compromisso de longo prazo com a inova\u00e7\u00e3o, sempre com foco na gera\u00e7\u00e3o de valor e no crescimento de nossos clientes.\u201d<\/p>\n<\/blockquote>\n\n<p>Com a conclus\u00e3o da transa\u00e7\u00e3o, a Dimensa passa a integrar a Evertec, ampliando capacidades, fortalecendo a oferta de solu\u00e7\u00f5es e criando oportunidades de crescimento para clientes, parceiros e colaboradores em toda a regi\u00e3o. Esse movimento refor\u00e7a a estrat\u00e9gia da Evertec de modernizar os ativos adquiridos e potencializar sua performance, ampliando escala e efici\u00eancia operacional em um dos mercados mais estrat\u00e9gicos para a regi\u00e3o. Em linha coma vis\u00e3o global da companhia, a Evertec segue investindo de forma consistente no Brasil, com foco na expans\u00e3o de suas opera\u00e7\u00f5es, na moderniza\u00e7\u00e3o cont\u00ednua de plataformas e no fortalecimento de seu portf\u00f3lio de solu\u00e7\u00f5es.<\/p>\n\n<p>Ao mesmo tempo, a companhia fortalece sua proposta de oferecer solu\u00e7\u00f5es cada vez mais completas para institui\u00e7\u00f5es financeiras, combinando a expertise local da Dimensa com sua presen\u00e7a regional e capacidades globais. A Evertec tamb\u00e9m reafirma seu compromisso com o desenvolvimento de talentos locais e com o sucesso de seus clientes, apoiando sua evolu\u00e7\u00e3o em um ambiente cada vez mais digital e competitivo.<\/p>\n","protected":false},"excerpt":{"rendered":"<p>A aquisi\u00e7\u00e3o da Dimensa pela Evertec fortalece sua atua\u00e7\u00e3o no mercado financeiro brasileiro, integrando solu\u00e7\u00f5es tecnol\u00f3gicas em bancos, fundos e seguros. O movimento amplia o portf\u00f3lio, melhora a escalabilidade e atende \u00e0 crescente demanda por inova\u00e7\u00e3o digital no setor financeiro.<\/p>\n","protected":false},"author":9,"featured_media":73971,"comment_status":"closed","ping_status":"closed","sticky":false,"template":"","format":"standard","meta":{"footnotes":""},"categories":[1002,998],"tags":[],"class_list":["post-73972","post","type-post","status-publish","format-standard","has-post-thumbnail","hentry","category-artigos-evertec","category-tech-e-trends"],"yoast_head":"<!-- This site is optimized with the Yoast SEO plugin v27.5 - https:\/\/yoast.com\/product\/yoast-seo-wordpress\/ -->\n<title>Aquisi\u00e7\u00e3o da Dimensa fortalece Evertec no Brasil<\/title>\n<meta name=\"description\" content=\"Evertec amplia sua presen\u00e7a no Brasil com a aquisi\u00e7\u00e3o da Dimensa, fortalecendo solu\u00e7\u00f5es para bancos, fundos, risco e seguros.\" \/>\n<meta name=\"robots\" content=\"index, follow, max-snippet:-1, max-image-preview:large, max-video-preview:-1\" \/>\n<link rel=\"canonical\" href=\"https:\/\/evertectrends.com\/pt-br\/evertec-finaliza-aquisicao-da-dimensa-por-r-981-milhoes-e-amplia-sua-atuacao-no-setor-financeiro-brasileiro\/\" \/>\n<meta property=\"og:locale\" content=\"pt_BR\" \/>\n<meta property=\"og:type\" content=\"article\" \/>\n<meta property=\"og:title\" content=\"Aquisi\u00e7\u00e3o da Dimensa fortalece Evertec no Brasil\" \/>\n<meta property=\"og:description\" content=\"Evertec amplia sua presen\u00e7a no Brasil com a aquisi\u00e7\u00e3o da Dimensa, fortalecendo solu\u00e7\u00f5es para bancos, fundos, risco e seguros.\" \/>\n<meta property=\"og:url\" content=\"https:\/\/evertectrends.com\/pt-br\/evertec-finaliza-aquisicao-da-dimensa-por-r-981-milhoes-e-amplia-sua-atuacao-no-setor-financeiro-brasileiro\/\" \/>\n<meta property=\"og:site_name\" content=\"Evertec Trends\" \/>\n<meta property=\"article:published_time\" content=\"2026-04-30T20:31:30+00:00\" \/>\n<meta property=\"article:modified_time\" content=\"2026-04-30T20:39:58+00:00\" \/>\n<meta property=\"og:image\" content=\"https:\/\/evertectrends.com\/wp-content\/uploads\/2026\/04\/Dimensa-acquisition-boosts-Evertec-growth-in-Brazil.jpg\" \/>\n\t<meta property=\"og:image:width\" content=\"1110\" \/>\n\t<meta property=\"og:image:height\" content=\"624\" \/>\n\t<meta property=\"og:image:type\" content=\"image\/jpeg\" \/>\n<meta name=\"author\" content=\"Evertec Trends\" \/>\n<meta name=\"twitter:card\" content=\"summary_large_image\" \/>\n<meta name=\"twitter:label1\" content=\"Escrito por\" \/>\n\t<meta name=\"twitter:data1\" content=\"Evertec Trends\" \/>\n\t<meta name=\"twitter:label2\" content=\"Est. tempo de leitura\" \/>\n\t<meta name=\"twitter:data2\" content=\"2 minutos\" \/>\n<script type=\"application\/ld+json\" class=\"yoast-schema-graph\">{\"@context\":\"https:\\\/\\\/schema.org\",\"@graph\":[{\"@type\":\"Article\",\"@id\":\"https:\\\/\\\/evertectrends.com\\\/pt-br\\\/evertec-finaliza-aquisicao-da-dimensa-por-r-981-milhoes-e-amplia-sua-atuacao-no-setor-financeiro-brasileiro\\\/#article\",\"isPartOf\":{\"@id\":\"https:\\\/\\\/evertectrends.com\\\/pt-br\\\/evertec-finaliza-aquisicao-da-dimensa-por-r-981-milhoes-e-amplia-sua-atuacao-no-setor-financeiro-brasileiro\\\/\"},\"author\":{\"name\":\"Evertec Trends\",\"@id\":\"https:\\\/\\\/evertectrends.com\\\/#\\\/schema\\\/person\\\/07899642d9e4667697b7b0463442d054\"},\"headline\":\"Evertec finaliza aquisi\u00e7\u00e3o da Dimensa por R$ 981 milh\u00f5es e amplia sua atua\u00e7\u00e3o no setor financeiro brasileiro\",\"datePublished\":\"2026-04-30T20:31:30+00:00\",\"dateModified\":\"2026-04-30T20:39:58+00:00\",\"mainEntityOfPage\":{\"@id\":\"https:\\\/\\\/evertectrends.com\\\/pt-br\\\/evertec-finaliza-aquisicao-da-dimensa-por-r-981-milhoes-e-amplia-sua-atuacao-no-setor-financeiro-brasileiro\\\/\"},\"wordCount\":491,\"publisher\":{\"@id\":\"https:\\\/\\\/evertectrends.com\\\/#organization\"},\"image\":{\"@id\":\"https:\\\/\\\/evertectrends.com\\\/pt-br\\\/evertec-finaliza-aquisicao-da-dimensa-por-r-981-milhoes-e-amplia-sua-atuacao-no-setor-financeiro-brasileiro\\\/#primaryimage\"},\"thumbnailUrl\":\"https:\\\/\\\/evertectrends.com\\\/wp-content\\\/uploads\\\/2026\\\/04\\\/Dimensa-acquisition-boosts-Evertec-growth-in-Brazil.jpg\",\"articleSection\":[\"Evertec\",\"Tech e Trends\"],\"inLanguage\":\"pt-BR\"},{\"@type\":\"WebPage\",\"@id\":\"https:\\\/\\\/evertectrends.com\\\/pt-br\\\/evertec-finaliza-aquisicao-da-dimensa-por-r-981-milhoes-e-amplia-sua-atuacao-no-setor-financeiro-brasileiro\\\/\",\"url\":\"https:\\\/\\\/evertectrends.com\\\/pt-br\\\/evertec-finaliza-aquisicao-da-dimensa-por-r-981-milhoes-e-amplia-sua-atuacao-no-setor-financeiro-brasileiro\\\/\",\"name\":\"Aquisi\u00e7\u00e3o da Dimensa fortalece Evertec no Brasil\",\"isPartOf\":{\"@id\":\"https:\\\/\\\/evertectrends.com\\\/#website\"},\"primaryImageOfPage\":{\"@id\":\"https:\\\/\\\/evertectrends.com\\\/pt-br\\\/evertec-finaliza-aquisicao-da-dimensa-por-r-981-milhoes-e-amplia-sua-atuacao-no-setor-financeiro-brasileiro\\\/#primaryimage\"},\"image\":{\"@id\":\"https:\\\/\\\/evertectrends.com\\\/pt-br\\\/evertec-finaliza-aquisicao-da-dimensa-por-r-981-milhoes-e-amplia-sua-atuacao-no-setor-financeiro-brasileiro\\\/#primaryimage\"},\"thumbnailUrl\":\"https:\\\/\\\/evertectrends.com\\\/wp-content\\\/uploads\\\/2026\\\/04\\\/Dimensa-acquisition-boosts-Evertec-growth-in-Brazil.jpg\",\"datePublished\":\"2026-04-30T20:31:30+00:00\",\"dateModified\":\"2026-04-30T20:39:58+00:00\",\"description\":\"Evertec amplia sua presen\u00e7a no Brasil com a aquisi\u00e7\u00e3o da Dimensa, fortalecendo solu\u00e7\u00f5es para bancos, fundos, risco e seguros.\",\"breadcrumb\":{\"@id\":\"https:\\\/\\\/evertectrends.com\\\/pt-br\\\/evertec-finaliza-aquisicao-da-dimensa-por-r-981-milhoes-e-amplia-sua-atuacao-no-setor-financeiro-brasileiro\\\/#breadcrumb\"},\"inLanguage\":\"pt-BR\",\"potentialAction\":[{\"@type\":\"ReadAction\",\"target\":[\"https:\\\/\\\/evertectrends.com\\\/pt-br\\\/evertec-finaliza-aquisicao-da-dimensa-por-r-981-milhoes-e-amplia-sua-atuacao-no-setor-financeiro-brasileiro\\\/\"]}]},{\"@type\":\"ImageObject\",\"inLanguage\":\"pt-BR\",\"@id\":\"https:\\\/\\\/evertectrends.com\\\/pt-br\\\/evertec-finaliza-aquisicao-da-dimensa-por-r-981-milhoes-e-amplia-sua-atuacao-no-setor-financeiro-brasileiro\\\/#primaryimage\",\"url\":\"https:\\\/\\\/evertectrends.com\\\/wp-content\\\/uploads\\\/2026\\\/04\\\/Dimensa-acquisition-boosts-Evertec-growth-in-Brazil.jpg\",\"contentUrl\":\"https:\\\/\\\/evertectrends.com\\\/wp-content\\\/uploads\\\/2026\\\/04\\\/Dimensa-acquisition-boosts-Evertec-growth-in-Brazil.jpg\",\"width\":1110,\"height\":624},{\"@type\":\"BreadcrumbList\",\"@id\":\"https:\\\/\\\/evertectrends.com\\\/pt-br\\\/evertec-finaliza-aquisicao-da-dimensa-por-r-981-milhoes-e-amplia-sua-atuacao-no-setor-financeiro-brasileiro\\\/#breadcrumb\",\"itemListElement\":[{\"@type\":\"ListItem\",\"position\":1,\"name\":\"Home\",\"item\":\"https:\\\/\\\/evertectrends.com\\\/pt-br\\\/\"},{\"@type\":\"ListItem\",\"position\":2,\"name\":\"Evertec\",\"item\":\"https:\\\/\\\/evertectrends.com\\\/categorias\\\/evertec\\\/\"},{\"@type\":\"ListItem\",\"position\":3,\"name\":\"Evertec finaliza aquisi\u00e7\u00e3o da Dimensa por R$ 981 milh\u00f5es e amplia sua atua\u00e7\u00e3o no setor financeiro brasileiro\"}]},{\"@type\":\"WebSite\",\"@id\":\"https:\\\/\\\/evertectrends.com\\\/#website\",\"url\":\"https:\\\/\\\/evertectrends.com\\\/\",\"name\":\"Evertec Trends\",\"description\":\"As tend\u00eancias de tecnologia para inovar com estrat\u00e9gia\",\"publisher\":{\"@id\":\"https:\\\/\\\/evertectrends.com\\\/#organization\"},\"potentialAction\":[{\"@type\":\"SearchAction\",\"target\":{\"@type\":\"EntryPoint\",\"urlTemplate\":\"https:\\\/\\\/evertectrends.com\\\/?s={search_term_string}\"},\"query-input\":{\"@type\":\"PropertyValueSpecification\",\"valueRequired\":true,\"valueName\":\"search_term_string\"}}],\"inLanguage\":\"pt-BR\"},{\"@type\":\"Organization\",\"@id\":\"https:\\\/\\\/evertectrends.com\\\/#organization\",\"name\":\"Evertec Trends\",\"url\":\"https:\\\/\\\/evertectrends.com\\\/\",\"logo\":{\"@type\":\"ImageObject\",\"inLanguage\":\"pt-BR\",\"@id\":\"https:\\\/\\\/evertectrends.com\\\/#\\\/schema\\\/logo\\\/image\\\/\",\"url\":\"https:\\\/\\\/evertectrends.com\\\/wp-content\\\/uploads\\\/2024\\\/06\\\/evertectrends-sq.png\",\"contentUrl\":\"https:\\\/\\\/evertectrends.com\\\/wp-content\\\/uploads\\\/2024\\\/06\\\/evertectrends-sq.png\",\"width\":416,\"height\":417,\"caption\":\"Evertec Trends\"},\"image\":{\"@id\":\"https:\\\/\\\/evertectrends.com\\\/#\\\/schema\\\/logo\\\/image\\\/\"}},{\"@type\":\"Person\",\"@id\":\"https:\\\/\\\/evertectrends.com\\\/#\\\/schema\\\/person\\\/07899642d9e4667697b7b0463442d054\",\"name\":\"Evertec Trends\",\"image\":{\"@type\":\"ImageObject\",\"inLanguage\":\"pt-BR\",\"@id\":\"https:\\\/\\\/secure.gravatar.com\\\/avatar\\\/f46217c56c100deb166f67953efa3f81077701bca98a102e48544095d631803d?s=96&d=robohash&r=g\",\"url\":\"https:\\\/\\\/secure.gravatar.com\\\/avatar\\\/f46217c56c100deb166f67953efa3f81077701bca98a102e48544095d631803d?s=96&d=robohash&r=g\",\"contentUrl\":\"https:\\\/\\\/secure.gravatar.com\\\/avatar\\\/f46217c56c100deb166f67953efa3f81077701bca98a102e48544095d631803d?s=96&d=robohash&r=g\",\"caption\":\"Evertec Trends\"},\"description\":\"Mais que um portal de conte\u00fados, um ponto de encontro para quem quer desvendar o setor financeiro.\",\"sameAs\":[\"https:\\\/\\\/www.instagram.com\\\/evertecinc\",\"https:\\\/\\\/www.linkedin.com\\\/company\\\/evertec\\\/\"],\"url\":\"https:\\\/\\\/evertectrends.com\\\/pt-br\\\/author\\\/evertectrends\\\/\"}]}<\/script>\n<!-- \/ Yoast SEO plugin. -->","yoast_head_json":{"title":"Aquisi\u00e7\u00e3o da Dimensa fortalece Evertec no Brasil","description":"Evertec amplia sua presen\u00e7a no Brasil com a aquisi\u00e7\u00e3o da Dimensa, fortalecendo solu\u00e7\u00f5es para bancos, fundos, risco e seguros.","robots":{"index":"index","follow":"follow","max-snippet":"max-snippet:-1","max-image-preview":"max-image-preview:large","max-video-preview":"max-video-preview:-1"},"canonical":"https:\/\/evertectrends.com\/pt-br\/evertec-finaliza-aquisicao-da-dimensa-por-r-981-milhoes-e-amplia-sua-atuacao-no-setor-financeiro-brasileiro\/","og_locale":"pt_BR","og_type":"article","og_title":"Aquisi\u00e7\u00e3o da Dimensa fortalece Evertec no Brasil","og_description":"Evertec amplia sua presen\u00e7a no Brasil com a aquisi\u00e7\u00e3o da Dimensa, fortalecendo solu\u00e7\u00f5es para bancos, fundos, risco e seguros.","og_url":"https:\/\/evertectrends.com\/pt-br\/evertec-finaliza-aquisicao-da-dimensa-por-r-981-milhoes-e-amplia-sua-atuacao-no-setor-financeiro-brasileiro\/","og_site_name":"Evertec Trends","article_published_time":"2026-04-30T20:31:30+00:00","article_modified_time":"2026-04-30T20:39:58+00:00","og_image":[{"width":1110,"height":624,"url":"https:\/\/evertectrends.com\/wp-content\/uploads\/2026\/04\/Dimensa-acquisition-boosts-Evertec-growth-in-Brazil.jpg","type":"image\/jpeg"}],"author":"Evertec Trends","twitter_card":"summary_large_image","twitter_misc":{"Escrito por":"Evertec Trends","Est. tempo de leitura":"2 minutos"},"schema":{"@context":"https:\/\/schema.org","@graph":[{"@type":"Article","@id":"https:\/\/evertectrends.com\/pt-br\/evertec-finaliza-aquisicao-da-dimensa-por-r-981-milhoes-e-amplia-sua-atuacao-no-setor-financeiro-brasileiro\/#article","isPartOf":{"@id":"https:\/\/evertectrends.com\/pt-br\/evertec-finaliza-aquisicao-da-dimensa-por-r-981-milhoes-e-amplia-sua-atuacao-no-setor-financeiro-brasileiro\/"},"author":{"name":"Evertec Trends","@id":"https:\/\/evertectrends.com\/#\/schema\/person\/07899642d9e4667697b7b0463442d054"},"headline":"Evertec finaliza aquisi\u00e7\u00e3o da Dimensa por R$ 981 milh\u00f5es e amplia sua atua\u00e7\u00e3o no setor financeiro brasileiro","datePublished":"2026-04-30T20:31:30+00:00","dateModified":"2026-04-30T20:39:58+00:00","mainEntityOfPage":{"@id":"https:\/\/evertectrends.com\/pt-br\/evertec-finaliza-aquisicao-da-dimensa-por-r-981-milhoes-e-amplia-sua-atuacao-no-setor-financeiro-brasileiro\/"},"wordCount":491,"publisher":{"@id":"https:\/\/evertectrends.com\/#organization"},"image":{"@id":"https:\/\/evertectrends.com\/pt-br\/evertec-finaliza-aquisicao-da-dimensa-por-r-981-milhoes-e-amplia-sua-atuacao-no-setor-financeiro-brasileiro\/#primaryimage"},"thumbnailUrl":"https:\/\/evertectrends.com\/wp-content\/uploads\/2026\/04\/Dimensa-acquisition-boosts-Evertec-growth-in-Brazil.jpg","articleSection":["Evertec","Tech e Trends"],"inLanguage":"pt-BR"},{"@type":"WebPage","@id":"https:\/\/evertectrends.com\/pt-br\/evertec-finaliza-aquisicao-da-dimensa-por-r-981-milhoes-e-amplia-sua-atuacao-no-setor-financeiro-brasileiro\/","url":"https:\/\/evertectrends.com\/pt-br\/evertec-finaliza-aquisicao-da-dimensa-por-r-981-milhoes-e-amplia-sua-atuacao-no-setor-financeiro-brasileiro\/","name":"Aquisi\u00e7\u00e3o da Dimensa fortalece Evertec no Brasil","isPartOf":{"@id":"https:\/\/evertectrends.com\/#website"},"primaryImageOfPage":{"@id":"https:\/\/evertectrends.com\/pt-br\/evertec-finaliza-aquisicao-da-dimensa-por-r-981-milhoes-e-amplia-sua-atuacao-no-setor-financeiro-brasileiro\/#primaryimage"},"image":{"@id":"https:\/\/evertectrends.com\/pt-br\/evertec-finaliza-aquisicao-da-dimensa-por-r-981-milhoes-e-amplia-sua-atuacao-no-setor-financeiro-brasileiro\/#primaryimage"},"thumbnailUrl":"https:\/\/evertectrends.com\/wp-content\/uploads\/2026\/04\/Dimensa-acquisition-boosts-Evertec-growth-in-Brazil.jpg","datePublished":"2026-04-30T20:31:30+00:00","dateModified":"2026-04-30T20:39:58+00:00","description":"Evertec amplia sua presen\u00e7a no Brasil com a aquisi\u00e7\u00e3o da Dimensa, fortalecendo solu\u00e7\u00f5es para bancos, fundos, risco e seguros.","breadcrumb":{"@id":"https:\/\/evertectrends.com\/pt-br\/evertec-finaliza-aquisicao-da-dimensa-por-r-981-milhoes-e-amplia-sua-atuacao-no-setor-financeiro-brasileiro\/#breadcrumb"},"inLanguage":"pt-BR","potentialAction":[{"@type":"ReadAction","target":["https:\/\/evertectrends.com\/pt-br\/evertec-finaliza-aquisicao-da-dimensa-por-r-981-milhoes-e-amplia-sua-atuacao-no-setor-financeiro-brasileiro\/"]}]},{"@type":"ImageObject","inLanguage":"pt-BR","@id":"https:\/\/evertectrends.com\/pt-br\/evertec-finaliza-aquisicao-da-dimensa-por-r-981-milhoes-e-amplia-sua-atuacao-no-setor-financeiro-brasileiro\/#primaryimage","url":"https:\/\/evertectrends.com\/wp-content\/uploads\/2026\/04\/Dimensa-acquisition-boosts-Evertec-growth-in-Brazil.jpg","contentUrl":"https:\/\/evertectrends.com\/wp-content\/uploads\/2026\/04\/Dimensa-acquisition-boosts-Evertec-growth-in-Brazil.jpg","width":1110,"height":624},{"@type":"BreadcrumbList","@id":"https:\/\/evertectrends.com\/pt-br\/evertec-finaliza-aquisicao-da-dimensa-por-r-981-milhoes-e-amplia-sua-atuacao-no-setor-financeiro-brasileiro\/#breadcrumb","itemListElement":[{"@type":"ListItem","position":1,"name":"Home","item":"https:\/\/evertectrends.com\/pt-br\/"},{"@type":"ListItem","position":2,"name":"Evertec","item":"https:\/\/evertectrends.com\/categorias\/evertec\/"},{"@type":"ListItem","position":3,"name":"Evertec finaliza aquisi\u00e7\u00e3o da Dimensa por R$ 981 milh\u00f5es e amplia sua atua\u00e7\u00e3o no setor financeiro brasileiro"}]},{"@type":"WebSite","@id":"https:\/\/evertectrends.com\/#website","url":"https:\/\/evertectrends.com\/","name":"Evertec Trends","description":"As tend\u00eancias de tecnologia para inovar com estrat\u00e9gia","publisher":{"@id":"https:\/\/evertectrends.com\/#organization"},"potentialAction":[{"@type":"SearchAction","target":{"@type":"EntryPoint","urlTemplate":"https:\/\/evertectrends.com\/?s={search_term_string}"},"query-input":{"@type":"PropertyValueSpecification","valueRequired":true,"valueName":"search_term_string"}}],"inLanguage":"pt-BR"},{"@type":"Organization","@id":"https:\/\/evertectrends.com\/#organization","name":"Evertec Trends","url":"https:\/\/evertectrends.com\/","logo":{"@type":"ImageObject","inLanguage":"pt-BR","@id":"https:\/\/evertectrends.com\/#\/schema\/logo\/image\/","url":"https:\/\/evertectrends.com\/wp-content\/uploads\/2024\/06\/evertectrends-sq.png","contentUrl":"https:\/\/evertectrends.com\/wp-content\/uploads\/2024\/06\/evertectrends-sq.png","width":416,"height":417,"caption":"Evertec Trends"},"image":{"@id":"https:\/\/evertectrends.com\/#\/schema\/logo\/image\/"}},{"@type":"Person","@id":"https:\/\/evertectrends.com\/#\/schema\/person\/07899642d9e4667697b7b0463442d054","name":"Evertec Trends","image":{"@type":"ImageObject","inLanguage":"pt-BR","@id":"https:\/\/secure.gravatar.com\/avatar\/f46217c56c100deb166f67953efa3f81077701bca98a102e48544095d631803d?s=96&d=robohash&r=g","url":"https:\/\/secure.gravatar.com\/avatar\/f46217c56c100deb166f67953efa3f81077701bca98a102e48544095d631803d?s=96&d=robohash&r=g","contentUrl":"https:\/\/secure.gravatar.com\/avatar\/f46217c56c100deb166f67953efa3f81077701bca98a102e48544095d631803d?s=96&d=robohash&r=g","caption":"Evertec Trends"},"description":"Mais que um portal de conte\u00fados, um ponto de encontro para quem quer desvendar o setor financeiro.","sameAs":["https:\/\/www.instagram.com\/evertecinc","https:\/\/www.linkedin.com\/company\/evertec\/"],"url":"https:\/\/evertectrends.com\/pt-br\/author\/evertectrends\/"}]}},"featured_image_url":"https:\/\/evertectrends.com\/wp-content\/uploads\/2026\/04\/Dimensa-acquisition-boosts-Evertec-growth-in-Brazil.jpg","primary_category":"Evertec","_links":{"self":[{"href":"https:\/\/evertectrends.com\/pt-br\/wp-json\/wp\/v2\/posts\/73972","targetHints":{"allow":["GET"]}}],"collection":[{"href":"https:\/\/evertectrends.com\/pt-br\/wp-json\/wp\/v2\/posts"}],"about":[{"href":"https:\/\/evertectrends.com\/pt-br\/wp-json\/wp\/v2\/types\/post"}],"author":[{"embeddable":true,"href":"https:\/\/evertectrends.com\/pt-br\/wp-json\/wp\/v2\/users\/9"}],"replies":[{"embeddable":true,"href":"https:\/\/evertectrends.com\/pt-br\/wp-json\/wp\/v2\/comments?post=73972"}],"version-history":[{"count":4,"href":"https:\/\/evertectrends.com\/pt-br\/wp-json\/wp\/v2\/posts\/73972\/revisions"}],"predecessor-version":[{"id":73988,"href":"https:\/\/evertectrends.com\/pt-br\/wp-json\/wp\/v2\/posts\/73972\/revisions\/73988"}],"wp:featuredmedia":[{"embeddable":true,"href":"https:\/\/evertectrends.com\/pt-br\/wp-json\/wp\/v2\/media\/73971"}],"wp:attachment":[{"href":"https:\/\/evertectrends.com\/pt-br\/wp-json\/wp\/v2\/media?parent=73972"}],"wp:term":[{"taxonomy":"category","embeddable":true,"href":"https:\/\/evertectrends.com\/pt-br\/wp-json\/wp\/v2\/categories?post=73972"},{"taxonomy":"post_tag","embeddable":true,"href":"https:\/\/evertectrends.com\/pt-br\/wp-json\/wp\/v2\/tags?post=73972"}],"curies":[{"name":"wp","href":"https:\/\/api.w.org\/{rel}","templated":true}]}}