{"id":73247,"date":"2026-01-26T16:11:58","date_gmt":"2026-01-26T19:11:58","guid":{"rendered":"https:\/\/evertectrends.com\/evertec-refuerza-su-catalogo-de-servicios-de-seguridad-gestionada\/"},"modified":"2026-01-26T17:22:46","modified_gmt":"2026-01-26T20:22:46","slug":"evertec-refuerza-su-catalogo-de-servicios-de-seguridad-gestionada","status":"publish","type":"post","link":"https:\/\/evertectrends.com\/pt-br\/evertec-refuerza-su-catalogo-de-servicios-de-seguridad-gestionada\/","title":{"rendered":"Evertec refor\u00e7a seu portf\u00f3lio de servi\u00e7os de seguran\u00e7a gerenciada"},"content":{"rendered":"\n<p>A inova\u00e7\u00e3o tecnol\u00f3gica impulsiona novas oportunidades para os neg\u00f3cios, mas tamb\u00e9m aumenta os riscos que podem afetar a estabilidade e a seguran\u00e7a de uma organiza\u00e7\u00e3o.<\/p>\n\n<p>Para atender a essa necessidade, a Evertec consolidou um portf\u00f3lio de servi\u00e7os de seguran\u00e7a gerenciada (MSSP) que combina monitoramento cont\u00ednuo, consultoria especializada e conscientiza\u00e7\u00e3o do pessoal.<\/p>\n\n<p>Andr\u00e9s Ramos, l\u00edder do portf\u00f3lio MSSP, explicou que o modelo respondia a uma realidade frequente na regi\u00e3o: \u201cOs clientes t\u00eam um neg\u00f3cio central que requer tecnologia, mas isso n\u00e3o significa que precisem se tornar empresas de tecnologia.\u201d Com essa premissa, a Evertec assumiu a gest\u00e3o de seguran\u00e7a: implementa\u00e7\u00e3o de tecnologia, administra\u00e7\u00e3o, monitoramento e acompanhamento permanente dos ambientes cr\u00edticos.<\/p>\n\n<h3 class=\"wp-block-heading\">Apoio de ponta a ponta<\/h3>\n\n<p>Mais do que um fornecedor, a Evertec se posicionou como parceira e assessora de neg\u00f3cios. A equipe orientou as organiza\u00e7\u00f5es no desenho, ado\u00e7\u00e3o e opera\u00e7\u00e3o de suas capacidades de seguran\u00e7a, adequando cada etapa \u00e0 natureza e maturidade de cada empresa.<\/p>\n\n<p>\u201c<em>Contratar profissionais de ciberseguran\u00e7a \u00e9 caro e dif\u00edcil. Al\u00e9m disso, seguran\u00e7a exige suporte 24\/7, o que implica montar uma equipe inteira dedicada somente a isso<\/em>\u201d, afirmou o especialista. Com o modelo MSSP, as empresas passaram a contar com especialistas, processos avan\u00e7ados e vigil\u00e2ncia cont\u00ednua sem precisar construir essa capacidade internamente.<\/p>\n\n<h3 class=\"wp-block-heading\">Seguran\u00e7a como servi\u00e7o cont\u00ednuo<\/h3>\n\n<p>O portf\u00f3lio de servi\u00e7os de seguran\u00e7a gerenciada da Evertec opera de forma ininterrupta, com monitoramento e resposta 24\/7. Ramos recorreu a uma analogia simples: \u201cAs empresas n\u00e3o hesitam em colocar vigilantes na entrada. No mundo digital, esse vigilante \u00e9 igualmente essencial, mesmo que n\u00e3o seja vis\u00edvel.\u201d<\/p>\n\n<p>Com esse enfoque, a Evertec buscou garantir que as organiza\u00e7\u00f5es do Caribe mantivessem suas opera\u00e7\u00f5es protegidas, mesmo com a evolu\u00e7\u00e3o e a diversifica\u00e7\u00e3o das amea\u00e7as.<\/p>\n\n<h3 class=\"wp-block-heading\">Compromisso com a resili\u00eancia digital do Caribe<\/h3>\n\n<p>O objetivo \u00e9 permitir que as empresas foquem em seu neg\u00f3cio, sabendo que contam com um aliado vigilante e uma equipe que treina e fortalece seus colaboradores.<br\/>Ramos resumiu a filosofia MSSP de forma clara: \u201c<em>Seguran\u00e7a n\u00e3o \u00e9 um produto; \u00e9 um processo cont\u00ednuo. E nesse processo, n\u00e3o deixamos nossos clientes sozinhos.<\/em>\u201d<br\/><br\/>Por isso, o cat\u00e1logo da Evertec inclui solu\u00e7\u00f5es destinadas a fortalecer a prote\u00e7\u00e3o empresarial.<\/p>\n\n<h3 class=\"wp-block-heading\">Uma oferta robusta para cada necessidade<\/h3>\n\n<p> <\/p>\n\n<ol class=\"wp-block-list\">\n<li><strong>Governan\u00e7a e Avalia\u00e7\u00e3o<\/strong><br\/>\u2022 Avalia\u00e7\u00e3o de ciberseguran\u00e7a<br\/>\u2022 Governan\u00e7a de dados<\/li>\n\n\n\n<li><strong>Identifica\u00e7\u00e3o e Fortalecimento de Controles<\/strong><br\/>\u2022 Gest\u00e3o de vulnerabilidades<br\/>\u2022 Microsoft 365 Security Hardening<\/li>\n\n\n\n<li><strong>Prote\u00e7\u00e3o Avan\u00e7ada<\/strong><br\/>\u2022 Firewall gerenciado<br\/>\u2022 MFA<br\/>\u2022 Prote\u00e7\u00e3o de e\u2011mail e navega\u00e7\u00e3o<br\/>\u2022 SASE \/ NAC<br\/>\u2022 Microsegmenta\u00e7\u00e3o<\/li>\n\n\n\n<li><strong>Detec\u00e7\u00e3o e Monitoramento 24\/7<\/strong><br\/>\u2022 EDR<br\/>\u2022 V\u2011SOC<\/li>\n\n\n\n<li><strong>Resposta e Recupera\u00e7\u00e3o<\/strong><br\/>\u2022 Anti\u2011DDoS<br\/>\u2022 Resposta SOC \/ V\u2011SOC<br\/>\u2022 Backup &amp; DRaaS<\/li>\n<\/ol>\n\n<h3 class=\"wp-block-heading\">Prepara\u00e7\u00e3o e conscientiza\u00e7\u00e3o: a resposta ao fator humano<\/h3>\n\n<p>O cat\u00e1logo MSSP incorporou um componente essencial: conscientiza\u00e7\u00e3o e simula\u00e7\u00f5es de amea\u00e7as. A Evertec n\u00e3o apenas implantou tecnologia; tamb\u00e9m atuou como guia, para que cada colaborador fosse parte ativa da defesa.<\/p>\n\n<h3 class=\"wp-block-heading\">O programa incluiu:<\/h3>\n\n<ul class=\"wp-block-list\">\n<li>Treinamentos pr\u00e1ticos<\/li>\n\n\n\n<li>Simula\u00e7\u00f5es reais<\/li>\n\n\n\n<li>Feedback e melhoria cont\u00ednua<\/li>\n\n\n\n<li>Alinhamento interno<\/li>\n<\/ul>\n\n<blockquote class=\"wp-block-quote is-layout-flow wp-block-quote-is-layout-flow\">\n<p>\u201cA principal vulnerabilidade continua sendo o fator humano. Por isso treinamos os colaboradores para identificar tentativas de fraude antes que se convertam em incidentes\u201d, concluiu Ramos.<\/p>\n<\/blockquote>\n\n<p><\/p>\n","protected":false},"excerpt":{"rendered":"<p>A inova\u00e7\u00e3o tecnol\u00f3gica impulsiona novas oportunidades para os neg\u00f3cios, mas tamb\u00e9m aumenta os riscos que podem afetar a estabilidade e a seguran\u00e7a de uma organiza\u00e7\u00e3o.<\/p>\n","protected":false},"author":9,"featured_media":73248,"comment_status":"closed","ping_status":"open","sticky":false,"template":"","format":"standard","meta":{"footnotes":""},"categories":[1001,1,998],"tags":[],"class_list":["post-73247","post","type-post","status-publish","format-standard","has-post-thumbnail","hentry","category-seguranca","category-sem-categoria","category-tech-e-trends"],"yoast_head":"<!-- This site is optimized with the Yoast SEO plugin v27.5 - https:\/\/yoast.com\/product\/yoast-seo-wordpress\/ -->\n<title>Evertec refor\u00e7a seu portf\u00f3lio de servi\u00e7os de seguran\u00e7a gerenciada - Evertec Trends<\/title>\n<meta name=\"description\" content=\"As tend\u00eancias de tecnologia para inovar com estrat\u00e9gia\" \/>\n<meta name=\"robots\" content=\"index, follow, max-snippet:-1, max-image-preview:large, max-video-preview:-1\" \/>\n<link rel=\"canonical\" href=\"https:\/\/evertectrends.com\/pt-br\/evertec-refuerza-su-catalogo-de-servicios-de-seguridad-gestionada\/\" \/>\n<meta property=\"og:locale\" content=\"pt_BR\" \/>\n<meta property=\"og:type\" content=\"article\" \/>\n<meta property=\"og:title\" content=\"Evertec refor\u00e7a seu portf\u00f3lio de servi\u00e7os de seguran\u00e7a gerenciada - Evertec Trends\" \/>\n<meta property=\"og:description\" content=\"As tend\u00eancias de tecnologia para inovar com estrat\u00e9gia\" \/>\n<meta property=\"og:url\" content=\"https:\/\/evertectrends.com\/pt-br\/evertec-refuerza-su-catalogo-de-servicios-de-seguridad-gestionada\/\" \/>\n<meta property=\"og:site_name\" content=\"Evertec Trends\" \/>\n<meta property=\"article:published_time\" content=\"2026-01-26T19:11:58+00:00\" \/>\n<meta property=\"article:modified_time\" content=\"2026-01-26T20:22:46+00:00\" \/>\n<meta property=\"og:image\" content=\"https:\/\/evertectrends.com\/wp-content\/uploads\/2026\/01\/Seguridad.png\" \/>\n\t<meta property=\"og:image:width\" content=\"1110\" \/>\n\t<meta property=\"og:image:height\" content=\"625\" \/>\n\t<meta property=\"og:image:type\" content=\"image\/png\" \/>\n<meta name=\"author\" content=\"Evertec Trends\" \/>\n<meta name=\"twitter:card\" content=\"summary_large_image\" \/>\n<meta name=\"twitter:label1\" content=\"Escrito por\" \/>\n\t<meta name=\"twitter:data1\" content=\"Evertec Trends\" \/>\n\t<meta name=\"twitter:label2\" content=\"Est. tempo de leitura\" \/>\n\t<meta name=\"twitter:data2\" content=\"4 minutos\" \/>\n<script type=\"application\/ld+json\" class=\"yoast-schema-graph\">{\"@context\":\"https:\\\/\\\/schema.org\",\"@graph\":[{\"@type\":\"Article\",\"@id\":\"https:\\\/\\\/evertectrends.com\\\/pt-br\\\/evertec-refuerza-su-catalogo-de-servicios-de-seguridad-gestionada\\\/#article\",\"isPartOf\":{\"@id\":\"https:\\\/\\\/evertectrends.com\\\/pt-br\\\/evertec-refuerza-su-catalogo-de-servicios-de-seguridad-gestionada\\\/\"},\"author\":{\"name\":\"Evertec Trends\",\"@id\":\"https:\\\/\\\/evertectrends.com\\\/#\\\/schema\\\/person\\\/07899642d9e4667697b7b0463442d054\"},\"headline\":\"Evertec refor\u00e7a seu portf\u00f3lio de servi\u00e7os de seguran\u00e7a gerenciada\",\"datePublished\":\"2026-01-26T19:11:58+00:00\",\"dateModified\":\"2026-01-26T20:22:46+00:00\",\"mainEntityOfPage\":{\"@id\":\"https:\\\/\\\/evertectrends.com\\\/pt-br\\\/evertec-refuerza-su-catalogo-de-servicios-de-seguridad-gestionada\\\/\"},\"wordCount\":576,\"publisher\":{\"@id\":\"https:\\\/\\\/evertectrends.com\\\/#organization\"},\"image\":{\"@id\":\"https:\\\/\\\/evertectrends.com\\\/pt-br\\\/evertec-refuerza-su-catalogo-de-servicios-de-seguridad-gestionada\\\/#primaryimage\"},\"thumbnailUrl\":\"https:\\\/\\\/evertectrends.com\\\/wp-content\\\/uploads\\\/2026\\\/01\\\/Seguridad.png\",\"articleSection\":{\"0\":\"Seguran\u00e7a\",\"2\":\"Tech e Trends\"},\"inLanguage\":\"pt-BR\"},{\"@type\":\"WebPage\",\"@id\":\"https:\\\/\\\/evertectrends.com\\\/pt-br\\\/evertec-refuerza-su-catalogo-de-servicios-de-seguridad-gestionada\\\/\",\"url\":\"https:\\\/\\\/evertectrends.com\\\/pt-br\\\/evertec-refuerza-su-catalogo-de-servicios-de-seguridad-gestionada\\\/\",\"name\":\"Evertec refor\u00e7a seu portf\u00f3lio de servi\u00e7os de seguran\u00e7a gerenciada - Evertec Trends\",\"isPartOf\":{\"@id\":\"https:\\\/\\\/evertectrends.com\\\/#website\"},\"primaryImageOfPage\":{\"@id\":\"https:\\\/\\\/evertectrends.com\\\/pt-br\\\/evertec-refuerza-su-catalogo-de-servicios-de-seguridad-gestionada\\\/#primaryimage\"},\"image\":{\"@id\":\"https:\\\/\\\/evertectrends.com\\\/pt-br\\\/evertec-refuerza-su-catalogo-de-servicios-de-seguridad-gestionada\\\/#primaryimage\"},\"thumbnailUrl\":\"https:\\\/\\\/evertectrends.com\\\/wp-content\\\/uploads\\\/2026\\\/01\\\/Seguridad.png\",\"datePublished\":\"2026-01-26T19:11:58+00:00\",\"dateModified\":\"2026-01-26T20:22:46+00:00\",\"description\":\"As tend\u00eancias de tecnologia para inovar com estrat\u00e9gia\",\"breadcrumb\":{\"@id\":\"https:\\\/\\\/evertectrends.com\\\/pt-br\\\/evertec-refuerza-su-catalogo-de-servicios-de-seguridad-gestionada\\\/#breadcrumb\"},\"inLanguage\":\"pt-BR\",\"potentialAction\":[{\"@type\":\"ReadAction\",\"target\":[\"https:\\\/\\\/evertectrends.com\\\/pt-br\\\/evertec-refuerza-su-catalogo-de-servicios-de-seguridad-gestionada\\\/\"]}]},{\"@type\":\"ImageObject\",\"inLanguage\":\"pt-BR\",\"@id\":\"https:\\\/\\\/evertectrends.com\\\/pt-br\\\/evertec-refuerza-su-catalogo-de-servicios-de-seguridad-gestionada\\\/#primaryimage\",\"url\":\"https:\\\/\\\/evertectrends.com\\\/wp-content\\\/uploads\\\/2026\\\/01\\\/Seguridad.png\",\"contentUrl\":\"https:\\\/\\\/evertectrends.com\\\/wp-content\\\/uploads\\\/2026\\\/01\\\/Seguridad.png\",\"width\":1110,\"height\":625,\"caption\":\"A inova\u00e7\u00e3o tecnol\u00f3gica impulsiona novas oportunidades para os neg\u00f3cios, mas tamb\u00e9m aumenta os riscos que podem afetar a estabilidade e a seguran\u00e7a de uma organiza\u00e7\u00e3o.\"},{\"@type\":\"BreadcrumbList\",\"@id\":\"https:\\\/\\\/evertectrends.com\\\/pt-br\\\/evertec-refuerza-su-catalogo-de-servicios-de-seguridad-gestionada\\\/#breadcrumb\",\"itemListElement\":[{\"@type\":\"ListItem\",\"position\":1,\"name\":\"Home\",\"item\":\"https:\\\/\\\/evertectrends.com\\\/pt-br\\\/\"},{\"@type\":\"ListItem\",\"position\":2,\"name\":\"Seguridad\",\"item\":\"https:\\\/\\\/evertectrends.com\\\/categorias\\\/seguridad\\\/\"},{\"@type\":\"ListItem\",\"position\":3,\"name\":\"Evertec refor\u00e7a seu portf\u00f3lio de servi\u00e7os de seguran\u00e7a gerenciada\"}]},{\"@type\":\"WebSite\",\"@id\":\"https:\\\/\\\/evertectrends.com\\\/#website\",\"url\":\"https:\\\/\\\/evertectrends.com\\\/\",\"name\":\"Evertec Trends\",\"description\":\"As tend\u00eancias de tecnologia para inovar com estrat\u00e9gia\",\"publisher\":{\"@id\":\"https:\\\/\\\/evertectrends.com\\\/#organization\"},\"potentialAction\":[{\"@type\":\"SearchAction\",\"target\":{\"@type\":\"EntryPoint\",\"urlTemplate\":\"https:\\\/\\\/evertectrends.com\\\/?s={search_term_string}\"},\"query-input\":{\"@type\":\"PropertyValueSpecification\",\"valueRequired\":true,\"valueName\":\"search_term_string\"}}],\"inLanguage\":\"pt-BR\"},{\"@type\":\"Organization\",\"@id\":\"https:\\\/\\\/evertectrends.com\\\/#organization\",\"name\":\"Evertec Trends\",\"url\":\"https:\\\/\\\/evertectrends.com\\\/\",\"logo\":{\"@type\":\"ImageObject\",\"inLanguage\":\"pt-BR\",\"@id\":\"https:\\\/\\\/evertectrends.com\\\/#\\\/schema\\\/logo\\\/image\\\/\",\"url\":\"https:\\\/\\\/evertectrends.com\\\/wp-content\\\/uploads\\\/2024\\\/06\\\/evertectrends-sq.png\",\"contentUrl\":\"https:\\\/\\\/evertectrends.com\\\/wp-content\\\/uploads\\\/2024\\\/06\\\/evertectrends-sq.png\",\"width\":416,\"height\":417,\"caption\":\"Evertec Trends\"},\"image\":{\"@id\":\"https:\\\/\\\/evertectrends.com\\\/#\\\/schema\\\/logo\\\/image\\\/\"}},{\"@type\":\"Person\",\"@id\":\"https:\\\/\\\/evertectrends.com\\\/#\\\/schema\\\/person\\\/07899642d9e4667697b7b0463442d054\",\"name\":\"Evertec Trends\",\"image\":{\"@type\":\"ImageObject\",\"inLanguage\":\"pt-BR\",\"@id\":\"https:\\\/\\\/secure.gravatar.com\\\/avatar\\\/f46217c56c100deb166f67953efa3f81077701bca98a102e48544095d631803d?s=96&d=robohash&r=g\",\"url\":\"https:\\\/\\\/secure.gravatar.com\\\/avatar\\\/f46217c56c100deb166f67953efa3f81077701bca98a102e48544095d631803d?s=96&d=robohash&r=g\",\"contentUrl\":\"https:\\\/\\\/secure.gravatar.com\\\/avatar\\\/f46217c56c100deb166f67953efa3f81077701bca98a102e48544095d631803d?s=96&d=robohash&r=g\",\"caption\":\"Evertec Trends\"},\"description\":\"Mais que um portal de conte\u00fados, um ponto de encontro para quem quer desvendar o setor financeiro.\",\"sameAs\":[\"https:\\\/\\\/www.instagram.com\\\/evertecinc\",\"https:\\\/\\\/www.linkedin.com\\\/company\\\/evertec\\\/\"],\"url\":\"https:\\\/\\\/evertectrends.com\\\/pt-br\\\/author\\\/evertectrends\\\/\"}]}<\/script>\n<!-- \/ Yoast SEO plugin. -->","yoast_head_json":{"title":"Evertec refor\u00e7a seu portf\u00f3lio de servi\u00e7os de seguran\u00e7a gerenciada - Evertec Trends","description":"As tend\u00eancias de tecnologia para inovar com estrat\u00e9gia","robots":{"index":"index","follow":"follow","max-snippet":"max-snippet:-1","max-image-preview":"max-image-preview:large","max-video-preview":"max-video-preview:-1"},"canonical":"https:\/\/evertectrends.com\/pt-br\/evertec-refuerza-su-catalogo-de-servicios-de-seguridad-gestionada\/","og_locale":"pt_BR","og_type":"article","og_title":"Evertec refor\u00e7a seu portf\u00f3lio de servi\u00e7os de seguran\u00e7a gerenciada - Evertec Trends","og_description":"As tend\u00eancias de tecnologia para inovar com estrat\u00e9gia","og_url":"https:\/\/evertectrends.com\/pt-br\/evertec-refuerza-su-catalogo-de-servicios-de-seguridad-gestionada\/","og_site_name":"Evertec Trends","article_published_time":"2026-01-26T19:11:58+00:00","article_modified_time":"2026-01-26T20:22:46+00:00","og_image":[{"width":1110,"height":625,"url":"https:\/\/evertectrends.com\/wp-content\/uploads\/2026\/01\/Seguridad.png","type":"image\/png"}],"author":"Evertec Trends","twitter_card":"summary_large_image","twitter_misc":{"Escrito por":"Evertec Trends","Est. tempo de leitura":"4 minutos"},"schema":{"@context":"https:\/\/schema.org","@graph":[{"@type":"Article","@id":"https:\/\/evertectrends.com\/pt-br\/evertec-refuerza-su-catalogo-de-servicios-de-seguridad-gestionada\/#article","isPartOf":{"@id":"https:\/\/evertectrends.com\/pt-br\/evertec-refuerza-su-catalogo-de-servicios-de-seguridad-gestionada\/"},"author":{"name":"Evertec Trends","@id":"https:\/\/evertectrends.com\/#\/schema\/person\/07899642d9e4667697b7b0463442d054"},"headline":"Evertec refor\u00e7a seu portf\u00f3lio de servi\u00e7os de seguran\u00e7a gerenciada","datePublished":"2026-01-26T19:11:58+00:00","dateModified":"2026-01-26T20:22:46+00:00","mainEntityOfPage":{"@id":"https:\/\/evertectrends.com\/pt-br\/evertec-refuerza-su-catalogo-de-servicios-de-seguridad-gestionada\/"},"wordCount":576,"publisher":{"@id":"https:\/\/evertectrends.com\/#organization"},"image":{"@id":"https:\/\/evertectrends.com\/pt-br\/evertec-refuerza-su-catalogo-de-servicios-de-seguridad-gestionada\/#primaryimage"},"thumbnailUrl":"https:\/\/evertectrends.com\/wp-content\/uploads\/2026\/01\/Seguridad.png","articleSection":{"0":"Seguran\u00e7a","2":"Tech e Trends"},"inLanguage":"pt-BR"},{"@type":"WebPage","@id":"https:\/\/evertectrends.com\/pt-br\/evertec-refuerza-su-catalogo-de-servicios-de-seguridad-gestionada\/","url":"https:\/\/evertectrends.com\/pt-br\/evertec-refuerza-su-catalogo-de-servicios-de-seguridad-gestionada\/","name":"Evertec refor\u00e7a seu portf\u00f3lio de servi\u00e7os de seguran\u00e7a gerenciada - Evertec Trends","isPartOf":{"@id":"https:\/\/evertectrends.com\/#website"},"primaryImageOfPage":{"@id":"https:\/\/evertectrends.com\/pt-br\/evertec-refuerza-su-catalogo-de-servicios-de-seguridad-gestionada\/#primaryimage"},"image":{"@id":"https:\/\/evertectrends.com\/pt-br\/evertec-refuerza-su-catalogo-de-servicios-de-seguridad-gestionada\/#primaryimage"},"thumbnailUrl":"https:\/\/evertectrends.com\/wp-content\/uploads\/2026\/01\/Seguridad.png","datePublished":"2026-01-26T19:11:58+00:00","dateModified":"2026-01-26T20:22:46+00:00","description":"As tend\u00eancias de tecnologia para inovar com estrat\u00e9gia","breadcrumb":{"@id":"https:\/\/evertectrends.com\/pt-br\/evertec-refuerza-su-catalogo-de-servicios-de-seguridad-gestionada\/#breadcrumb"},"inLanguage":"pt-BR","potentialAction":[{"@type":"ReadAction","target":["https:\/\/evertectrends.com\/pt-br\/evertec-refuerza-su-catalogo-de-servicios-de-seguridad-gestionada\/"]}]},{"@type":"ImageObject","inLanguage":"pt-BR","@id":"https:\/\/evertectrends.com\/pt-br\/evertec-refuerza-su-catalogo-de-servicios-de-seguridad-gestionada\/#primaryimage","url":"https:\/\/evertectrends.com\/wp-content\/uploads\/2026\/01\/Seguridad.png","contentUrl":"https:\/\/evertectrends.com\/wp-content\/uploads\/2026\/01\/Seguridad.png","width":1110,"height":625,"caption":"A inova\u00e7\u00e3o tecnol\u00f3gica impulsiona novas oportunidades para os neg\u00f3cios, mas tamb\u00e9m aumenta os riscos que podem afetar a estabilidade e a seguran\u00e7a de uma organiza\u00e7\u00e3o."},{"@type":"BreadcrumbList","@id":"https:\/\/evertectrends.com\/pt-br\/evertec-refuerza-su-catalogo-de-servicios-de-seguridad-gestionada\/#breadcrumb","itemListElement":[{"@type":"ListItem","position":1,"name":"Home","item":"https:\/\/evertectrends.com\/pt-br\/"},{"@type":"ListItem","position":2,"name":"Seguridad","item":"https:\/\/evertectrends.com\/categorias\/seguridad\/"},{"@type":"ListItem","position":3,"name":"Evertec refor\u00e7a seu portf\u00f3lio de servi\u00e7os de seguran\u00e7a gerenciada"}]},{"@type":"WebSite","@id":"https:\/\/evertectrends.com\/#website","url":"https:\/\/evertectrends.com\/","name":"Evertec Trends","description":"As tend\u00eancias de tecnologia para inovar com estrat\u00e9gia","publisher":{"@id":"https:\/\/evertectrends.com\/#organization"},"potentialAction":[{"@type":"SearchAction","target":{"@type":"EntryPoint","urlTemplate":"https:\/\/evertectrends.com\/?s={search_term_string}"},"query-input":{"@type":"PropertyValueSpecification","valueRequired":true,"valueName":"search_term_string"}}],"inLanguage":"pt-BR"},{"@type":"Organization","@id":"https:\/\/evertectrends.com\/#organization","name":"Evertec Trends","url":"https:\/\/evertectrends.com\/","logo":{"@type":"ImageObject","inLanguage":"pt-BR","@id":"https:\/\/evertectrends.com\/#\/schema\/logo\/image\/","url":"https:\/\/evertectrends.com\/wp-content\/uploads\/2024\/06\/evertectrends-sq.png","contentUrl":"https:\/\/evertectrends.com\/wp-content\/uploads\/2024\/06\/evertectrends-sq.png","width":416,"height":417,"caption":"Evertec Trends"},"image":{"@id":"https:\/\/evertectrends.com\/#\/schema\/logo\/image\/"}},{"@type":"Person","@id":"https:\/\/evertectrends.com\/#\/schema\/person\/07899642d9e4667697b7b0463442d054","name":"Evertec Trends","image":{"@type":"ImageObject","inLanguage":"pt-BR","@id":"https:\/\/secure.gravatar.com\/avatar\/f46217c56c100deb166f67953efa3f81077701bca98a102e48544095d631803d?s=96&d=robohash&r=g","url":"https:\/\/secure.gravatar.com\/avatar\/f46217c56c100deb166f67953efa3f81077701bca98a102e48544095d631803d?s=96&d=robohash&r=g","contentUrl":"https:\/\/secure.gravatar.com\/avatar\/f46217c56c100deb166f67953efa3f81077701bca98a102e48544095d631803d?s=96&d=robohash&r=g","caption":"Evertec Trends"},"description":"Mais que um portal de conte\u00fados, um ponto de encontro para quem quer desvendar o setor financeiro.","sameAs":["https:\/\/www.instagram.com\/evertecinc","https:\/\/www.linkedin.com\/company\/evertec\/"],"url":"https:\/\/evertectrends.com\/pt-br\/author\/evertectrends\/"}]}},"featured_image_url":"https:\/\/evertectrends.com\/wp-content\/uploads\/2026\/01\/Seguridad.png","primary_category":"Seguran\u00e7a","_links":{"self":[{"href":"https:\/\/evertectrends.com\/pt-br\/wp-json\/wp\/v2\/posts\/73247","targetHints":{"allow":["GET"]}}],"collection":[{"href":"https:\/\/evertectrends.com\/pt-br\/wp-json\/wp\/v2\/posts"}],"about":[{"href":"https:\/\/evertectrends.com\/pt-br\/wp-json\/wp\/v2\/types\/post"}],"author":[{"embeddable":true,"href":"https:\/\/evertectrends.com\/pt-br\/wp-json\/wp\/v2\/users\/9"}],"replies":[{"embeddable":true,"href":"https:\/\/evertectrends.com\/pt-br\/wp-json\/wp\/v2\/comments?post=73247"}],"version-history":[{"count":3,"href":"https:\/\/evertectrends.com\/pt-br\/wp-json\/wp\/v2\/posts\/73247\/revisions"}],"predecessor-version":[{"id":73257,"href":"https:\/\/evertectrends.com\/pt-br\/wp-json\/wp\/v2\/posts\/73247\/revisions\/73257"}],"wp:featuredmedia":[{"embeddable":true,"href":"https:\/\/evertectrends.com\/pt-br\/wp-json\/wp\/v2\/media\/73248"}],"wp:attachment":[{"href":"https:\/\/evertectrends.com\/pt-br\/wp-json\/wp\/v2\/media?parent=73247"}],"wp:term":[{"taxonomy":"category","embeddable":true,"href":"https:\/\/evertectrends.com\/pt-br\/wp-json\/wp\/v2\/categories?post=73247"},{"taxonomy":"post_tag","embeddable":true,"href":"https:\/\/evertectrends.com\/pt-br\/wp-json\/wp\/v2\/tags?post=73247"}],"curies":[{"name":"wp","href":"https:\/\/api.w.org\/{rel}","templated":true}]}}