{"id":72507,"date":"2025-10-17T13:02:20","date_gmt":"2025-10-17T16:02:20","guid":{"rendered":"https:\/\/evertectrends.com\/evertec-apuesta-fuerte-por-chile-incorpora-talento-ejecutivo-de-primer-nivel-para-acelerar-su-expansion-en-el-mercado-de-pagos-digitales\/"},"modified":"2025-10-24T23:21:12","modified_gmt":"2025-10-25T02:21:12","slug":"evertec-apuesta-fuerte-por-chile-incorpora-talento-ejecutivo-de-primer-nivel-para-acelerar-su-expansion-en-el-mercado-de-pagos-digitales","status":"publish","type":"post","link":"https:\/\/evertectrends.com\/pt-br\/evertec-apuesta-fuerte-por-chile-incorpora-talento-ejecutivo-de-primer-nivel-para-acelerar-su-expansion-en-el-mercado-de-pagos-digitales\/","title":{"rendered":"Evertec aposta forte no Chile e incorpora executivos de alto n\u00edvel para acelerar sua expans\u00e3o no mercado de pagamentos digitais"},"content":{"rendered":"\n<p>Em linha com sua estrat\u00e9gia de crescimento no mercado chileno, a Evertec, l\u00edder regional em processamento de transa\u00e7\u00f5es e solu\u00e7\u00f5es de pagamentos digitais, anunciou a incorpora\u00e7\u00e3o de dois executivos com ampla experi\u00eancia no setor financeiro e de meios de pagamentos digitais.<\/p>\n\n<p>A empresa nomeou Alfredo Ureta como Head Comercial no Chile e Maximiliano Pino como Gerente de Customer Success para Am\u00e9rica do Sul, movimentos estrat\u00e9gicos que posicionam a companhia para aproveitar as oportunidades de um mercado em plena transforma\u00e7\u00e3o digital.<\/p>\n\n<blockquote class=\"wp-block-quote is-layout-flow wp-block-quote-is-layout-flow\">\n<p>\u201cEssas nomea\u00e7\u00f5es representam uma aposta clara no Chile como mercado priorit\u00e1rio em nossa expans\u00e3o regional\u201d, explicou Daniel Barba, Head da Am\u00e9rica do Sul e Country Manager no Chile da Evertec. \u201cA combina\u00e7\u00e3o da experi\u00eancia de Alfredo e Maximiliano nos permite n\u00e3o apenas fortalecer nossas capacidades comerciais e de relacionamento com os clientes, mas tamb\u00e9m competir com mais agressividade em um ecossistema financeiro que evolui rapidamente.\u201d<\/p>\n<\/blockquote>\n\n<h2 class=\"wp-block-heading has-luminous-vivid-orange-color has-text-color has-link-color wp-elements-1c385b0f44454f79d14aa204854227e4\">Talento comprovado no ecossistema de pagamentos<\/h2>\n\n<p>Alfredo Ureta traz uma vis\u00e3o comercial apurada no mercado chileno de pagamentos digitais e financeiros, com mais de 16 anos de experi\u00eancia. \u00c9 formado em Administra\u00e7\u00e3o pela Universidad del Desarrollo e atuou como Gerente Geral da Kushki no Chile, uma das paytechs de maior crescimento na regi\u00e3o. Antes disso, trabalhou por quase uma d\u00e9cada na Transbank, onde liderou o segmento de PMEs, adquirindo uma compreens\u00e3o profunda das necessidades dos comerciantes em todo o pa\u00eds.<\/p>\n\n<p>Maximiliano Pino, por sua vez, possui um perfil que combina vis\u00e3o estrat\u00e9gica e experi\u00eancia operacional. Administrador com MBA pela Universidad Diego Portales, acumula mais de 20 anos liderando iniciativas comerciais no Chile, Peru e Col\u00f4mbia, em empresas como Coca-Cola Andina, Entel Chile e Entel Peru. Foi parte da equipe fundadora da Fpay, carteira digital do grupo Falabella, e atuou como o primeiro diretor executivo da ChilePay, entidade que re\u00fane mais de 40 empresas do setor financeiro \u2014 o que o consolida como profundo conhecedor do mercado de pagamentos online no pa\u00eds.<\/p>\n\n<h2 class=\"wp-block-heading has-luminous-vivid-orange-color has-text-color has-link-color wp-elements-d40eab2bc6925adb4c086f3e3b59587c\">O Chile como plataforma de crescimento regional<\/h2>\n\n<p>A decis\u00e3o da Evertec de investir em talento executivo local envia um recado claro ao mercado: o Chile n\u00e3o \u00e9 apenas uma oportunidade imediata, mas uma plataforma estrat\u00e9gica para sua expans\u00e3o no Cone Sul.<\/p>\n\n<p>Com um ecossistema fintech em constante evolu\u00e7\u00e3o e uma demanda crescente por solu\u00e7\u00f5es de pagamento integradas, o pa\u00eds se apresenta como o ambiente ideal para testar inova\u00e7\u00f5es com potencial de escalar para outros mercados da Am\u00e9rica Latina.<\/p>\n\n<p>A chegada de Ureta e Pino marca um ponto de inflex\u00e3o na estrat\u00e9gia da Evertec no Chile, posicionando a empresa para competir de forma mais eficaz em um mercado onde a diferencia\u00e7\u00e3o tecnol\u00f3gica e a proximidade com o cliente s\u00e3o fatores cr\u00edticos de sucesso.<\/p>\n","protected":false},"excerpt":{"rendered":"<p>A multinacional de tecnologia financeira refor\u00e7a sua lideran\u00e7a com dois executivos de ampla trajet\u00f3ria no ecossistema de pagamentos chileno e regional.<\/p>\n","protected":false},"author":9,"featured_media":0,"comment_status":"closed","ping_status":"closed","sticky":false,"template":"","format":"standard","meta":{"footnotes":""},"categories":[1002],"tags":[2420,2497],"class_list":["post-72507","post","type-post","status-publish","format-standard","hentry","category-artigos-evertec","tag-evertec-pt-br","tag-evertec-chile-pt-br"],"yoast_head":"<!-- This site is optimized with the Yoast SEO plugin v27.5 - https:\/\/yoast.com\/product\/yoast-seo-wordpress\/ -->\n<title>Evertec aposta forte no Chile e incorpora executivos de alto n\u00edvel para acelerar sua expans\u00e3o no mercado de pagamentos digitais - Evertec Trends<\/title>\n<meta name=\"description\" content=\"As tend\u00eancias de tecnologia para inovar com estrat\u00e9gia\" \/>\n<meta name=\"robots\" content=\"index, follow, max-snippet:-1, max-image-preview:large, max-video-preview:-1\" \/>\n<link rel=\"canonical\" href=\"https:\/\/evertectrends.com\/pt-br\/evertec-apuesta-fuerte-por-chile-incorpora-talento-ejecutivo-de-primer-nivel-para-acelerar-su-expansion-en-el-mercado-de-pagos-digitales\/\" \/>\n<meta property=\"og:locale\" content=\"pt_BR\" \/>\n<meta property=\"og:type\" content=\"article\" \/>\n<meta property=\"og:title\" content=\"Evertec aposta forte no Chile e incorpora executivos de alto n\u00edvel para acelerar sua expans\u00e3o no mercado de pagamentos digitais - Evertec Trends\" \/>\n<meta property=\"og:description\" content=\"As tend\u00eancias de tecnologia para inovar com estrat\u00e9gia\" \/>\n<meta property=\"og:url\" content=\"https:\/\/evertectrends.com\/pt-br\/evertec-apuesta-fuerte-por-chile-incorpora-talento-ejecutivo-de-primer-nivel-para-acelerar-su-expansion-en-el-mercado-de-pagos-digitales\/\" \/>\n<meta property=\"og:site_name\" content=\"Evertec Trends\" \/>\n<meta property=\"article:published_time\" content=\"2025-10-17T16:02:20+00:00\" \/>\n<meta property=\"article:modified_time\" content=\"2025-10-25T02:21:12+00:00\" \/>\n<meta property=\"og:image\" content=\"https:\/\/evertectrends.com\/wp-content\/uploads\/2024\/06\/evertectrends-sq.png\" \/>\n\t<meta property=\"og:image:width\" content=\"416\" \/>\n\t<meta property=\"og:image:height\" content=\"417\" \/>\n\t<meta property=\"og:image:type\" content=\"image\/png\" \/>\n<meta name=\"author\" content=\"Evertec Trends\" \/>\n<meta name=\"twitter:card\" content=\"summary_large_image\" \/>\n<meta name=\"twitter:label1\" content=\"Escrito por\" \/>\n\t<meta name=\"twitter:data1\" content=\"Evertec Trends\" \/>\n\t<meta name=\"twitter:label2\" content=\"Est. tempo de leitura\" \/>\n\t<meta name=\"twitter:data2\" content=\"2 minutos\" \/>\n<script type=\"application\/ld+json\" class=\"yoast-schema-graph\">{\"@context\":\"https:\\\/\\\/schema.org\",\"@graph\":[{\"@type\":\"Article\",\"@id\":\"https:\\\/\\\/evertectrends.com\\\/pt-br\\\/evertec-apuesta-fuerte-por-chile-incorpora-talento-ejecutivo-de-primer-nivel-para-acelerar-su-expansion-en-el-mercado-de-pagos-digitales\\\/#article\",\"isPartOf\":{\"@id\":\"https:\\\/\\\/evertectrends.com\\\/pt-br\\\/evertec-apuesta-fuerte-por-chile-incorpora-talento-ejecutivo-de-primer-nivel-para-acelerar-su-expansion-en-el-mercado-de-pagos-digitales\\\/\"},\"author\":{\"name\":\"Evertec Trends\",\"@id\":\"https:\\\/\\\/evertectrends.com\\\/#\\\/schema\\\/person\\\/07899642d9e4667697b7b0463442d054\"},\"headline\":\"Evertec aposta forte no Chile e incorpora executivos de alto n\u00edvel para acelerar sua expans\u00e3o no mercado de pagamentos digitais\",\"datePublished\":\"2025-10-17T16:02:20+00:00\",\"dateModified\":\"2025-10-25T02:21:12+00:00\",\"mainEntityOfPage\":{\"@id\":\"https:\\\/\\\/evertectrends.com\\\/pt-br\\\/evertec-apuesta-fuerte-por-chile-incorpora-talento-ejecutivo-de-primer-nivel-para-acelerar-su-expansion-en-el-mercado-de-pagos-digitales\\\/\"},\"wordCount\":499,\"publisher\":{\"@id\":\"https:\\\/\\\/evertectrends.com\\\/#organization\"},\"keywords\":[\"Evertec\",\"Evertec Chile\"],\"articleSection\":[\"Evertec\"],\"inLanguage\":\"pt-BR\"},{\"@type\":\"WebPage\",\"@id\":\"https:\\\/\\\/evertectrends.com\\\/pt-br\\\/evertec-apuesta-fuerte-por-chile-incorpora-talento-ejecutivo-de-primer-nivel-para-acelerar-su-expansion-en-el-mercado-de-pagos-digitales\\\/\",\"url\":\"https:\\\/\\\/evertectrends.com\\\/pt-br\\\/evertec-apuesta-fuerte-por-chile-incorpora-talento-ejecutivo-de-primer-nivel-para-acelerar-su-expansion-en-el-mercado-de-pagos-digitales\\\/\",\"name\":\"Evertec aposta forte no Chile e incorpora executivos de alto n\u00edvel para acelerar sua expans\u00e3o no mercado de pagamentos digitais - Evertec Trends\",\"isPartOf\":{\"@id\":\"https:\\\/\\\/evertectrends.com\\\/#website\"},\"datePublished\":\"2025-10-17T16:02:20+00:00\",\"dateModified\":\"2025-10-25T02:21:12+00:00\",\"description\":\"As tend\u00eancias de tecnologia para inovar com estrat\u00e9gia\",\"breadcrumb\":{\"@id\":\"https:\\\/\\\/evertectrends.com\\\/pt-br\\\/evertec-apuesta-fuerte-por-chile-incorpora-talento-ejecutivo-de-primer-nivel-para-acelerar-su-expansion-en-el-mercado-de-pagos-digitales\\\/#breadcrumb\"},\"inLanguage\":\"pt-BR\",\"potentialAction\":[{\"@type\":\"ReadAction\",\"target\":[\"https:\\\/\\\/evertectrends.com\\\/pt-br\\\/evertec-apuesta-fuerte-por-chile-incorpora-talento-ejecutivo-de-primer-nivel-para-acelerar-su-expansion-en-el-mercado-de-pagos-digitales\\\/\"]}]},{\"@type\":\"BreadcrumbList\",\"@id\":\"https:\\\/\\\/evertectrends.com\\\/pt-br\\\/evertec-apuesta-fuerte-por-chile-incorpora-talento-ejecutivo-de-primer-nivel-para-acelerar-su-expansion-en-el-mercado-de-pagos-digitales\\\/#breadcrumb\",\"itemListElement\":[{\"@type\":\"ListItem\",\"position\":1,\"name\":\"Home\",\"item\":\"https:\\\/\\\/evertectrends.com\\\/pt-br\\\/\"},{\"@type\":\"ListItem\",\"position\":2,\"name\":\"Evertec\",\"item\":\"https:\\\/\\\/evertectrends.com\\\/pt-br\\\/categorias\\\/artigos-evertec\\\/\"},{\"@type\":\"ListItem\",\"position\":3,\"name\":\"Evertec aposta forte no Chile e incorpora executivos de alto n\u00edvel para acelerar sua expans\u00e3o no mercado de pagamentos digitais\"}]},{\"@type\":\"WebSite\",\"@id\":\"https:\\\/\\\/evertectrends.com\\\/#website\",\"url\":\"https:\\\/\\\/evertectrends.com\\\/\",\"name\":\"Evertec Trends\",\"description\":\"As tend\u00eancias de tecnologia para inovar com estrat\u00e9gia\",\"publisher\":{\"@id\":\"https:\\\/\\\/evertectrends.com\\\/#organization\"},\"potentialAction\":[{\"@type\":\"SearchAction\",\"target\":{\"@type\":\"EntryPoint\",\"urlTemplate\":\"https:\\\/\\\/evertectrends.com\\\/?s={search_term_string}\"},\"query-input\":{\"@type\":\"PropertyValueSpecification\",\"valueRequired\":true,\"valueName\":\"search_term_string\"}}],\"inLanguage\":\"pt-BR\"},{\"@type\":\"Organization\",\"@id\":\"https:\\\/\\\/evertectrends.com\\\/#organization\",\"name\":\"Evertec Trends\",\"url\":\"https:\\\/\\\/evertectrends.com\\\/\",\"logo\":{\"@type\":\"ImageObject\",\"inLanguage\":\"pt-BR\",\"@id\":\"https:\\\/\\\/evertectrends.com\\\/#\\\/schema\\\/logo\\\/image\\\/\",\"url\":\"https:\\\/\\\/evertectrends.com\\\/wp-content\\\/uploads\\\/2024\\\/06\\\/evertectrends-sq.png\",\"contentUrl\":\"https:\\\/\\\/evertectrends.com\\\/wp-content\\\/uploads\\\/2024\\\/06\\\/evertectrends-sq.png\",\"width\":416,\"height\":417,\"caption\":\"Evertec Trends\"},\"image\":{\"@id\":\"https:\\\/\\\/evertectrends.com\\\/#\\\/schema\\\/logo\\\/image\\\/\"}},{\"@type\":\"Person\",\"@id\":\"https:\\\/\\\/evertectrends.com\\\/#\\\/schema\\\/person\\\/07899642d9e4667697b7b0463442d054\",\"name\":\"Evertec Trends\",\"image\":{\"@type\":\"ImageObject\",\"inLanguage\":\"pt-BR\",\"@id\":\"https:\\\/\\\/secure.gravatar.com\\\/avatar\\\/f46217c56c100deb166f67953efa3f81077701bca98a102e48544095d631803d?s=96&d=robohash&r=g\",\"url\":\"https:\\\/\\\/secure.gravatar.com\\\/avatar\\\/f46217c56c100deb166f67953efa3f81077701bca98a102e48544095d631803d?s=96&d=robohash&r=g\",\"contentUrl\":\"https:\\\/\\\/secure.gravatar.com\\\/avatar\\\/f46217c56c100deb166f67953efa3f81077701bca98a102e48544095d631803d?s=96&d=robohash&r=g\",\"caption\":\"Evertec Trends\"},\"description\":\"Mais que um portal de conte\u00fados, um ponto de encontro para quem quer desvendar o setor financeiro.\",\"sameAs\":[\"https:\\\/\\\/www.instagram.com\\\/evertecinc\",\"https:\\\/\\\/www.linkedin.com\\\/company\\\/evertec\\\/\"],\"url\":\"https:\\\/\\\/evertectrends.com\\\/pt-br\\\/author\\\/evertectrends\\\/\"}]}<\/script>\n<!-- \/ Yoast SEO plugin. -->","yoast_head_json":{"title":"Evertec aposta forte no Chile e incorpora executivos de alto n\u00edvel para acelerar sua expans\u00e3o no mercado de pagamentos digitais - Evertec Trends","description":"As tend\u00eancias de tecnologia para inovar com estrat\u00e9gia","robots":{"index":"index","follow":"follow","max-snippet":"max-snippet:-1","max-image-preview":"max-image-preview:large","max-video-preview":"max-video-preview:-1"},"canonical":"https:\/\/evertectrends.com\/pt-br\/evertec-apuesta-fuerte-por-chile-incorpora-talento-ejecutivo-de-primer-nivel-para-acelerar-su-expansion-en-el-mercado-de-pagos-digitales\/","og_locale":"pt_BR","og_type":"article","og_title":"Evertec aposta forte no Chile e incorpora executivos de alto n\u00edvel para acelerar sua expans\u00e3o no mercado de pagamentos digitais - Evertec Trends","og_description":"As tend\u00eancias de tecnologia para inovar com estrat\u00e9gia","og_url":"https:\/\/evertectrends.com\/pt-br\/evertec-apuesta-fuerte-por-chile-incorpora-talento-ejecutivo-de-primer-nivel-para-acelerar-su-expansion-en-el-mercado-de-pagos-digitales\/","og_site_name":"Evertec Trends","article_published_time":"2025-10-17T16:02:20+00:00","article_modified_time":"2025-10-25T02:21:12+00:00","og_image":[{"width":416,"height":417,"url":"https:\/\/evertectrends.com\/wp-content\/uploads\/2024\/06\/evertectrends-sq.png","type":"image\/png"}],"author":"Evertec Trends","twitter_card":"summary_large_image","twitter_misc":{"Escrito por":"Evertec Trends","Est. tempo de leitura":"2 minutos"},"schema":{"@context":"https:\/\/schema.org","@graph":[{"@type":"Article","@id":"https:\/\/evertectrends.com\/pt-br\/evertec-apuesta-fuerte-por-chile-incorpora-talento-ejecutivo-de-primer-nivel-para-acelerar-su-expansion-en-el-mercado-de-pagos-digitales\/#article","isPartOf":{"@id":"https:\/\/evertectrends.com\/pt-br\/evertec-apuesta-fuerte-por-chile-incorpora-talento-ejecutivo-de-primer-nivel-para-acelerar-su-expansion-en-el-mercado-de-pagos-digitales\/"},"author":{"name":"Evertec Trends","@id":"https:\/\/evertectrends.com\/#\/schema\/person\/07899642d9e4667697b7b0463442d054"},"headline":"Evertec aposta forte no Chile e incorpora executivos de alto n\u00edvel para acelerar sua expans\u00e3o no mercado de pagamentos digitais","datePublished":"2025-10-17T16:02:20+00:00","dateModified":"2025-10-25T02:21:12+00:00","mainEntityOfPage":{"@id":"https:\/\/evertectrends.com\/pt-br\/evertec-apuesta-fuerte-por-chile-incorpora-talento-ejecutivo-de-primer-nivel-para-acelerar-su-expansion-en-el-mercado-de-pagos-digitales\/"},"wordCount":499,"publisher":{"@id":"https:\/\/evertectrends.com\/#organization"},"keywords":["Evertec","Evertec Chile"],"articleSection":["Evertec"],"inLanguage":"pt-BR"},{"@type":"WebPage","@id":"https:\/\/evertectrends.com\/pt-br\/evertec-apuesta-fuerte-por-chile-incorpora-talento-ejecutivo-de-primer-nivel-para-acelerar-su-expansion-en-el-mercado-de-pagos-digitales\/","url":"https:\/\/evertectrends.com\/pt-br\/evertec-apuesta-fuerte-por-chile-incorpora-talento-ejecutivo-de-primer-nivel-para-acelerar-su-expansion-en-el-mercado-de-pagos-digitales\/","name":"Evertec aposta forte no Chile e incorpora executivos de alto n\u00edvel para acelerar sua expans\u00e3o no mercado de pagamentos digitais - Evertec Trends","isPartOf":{"@id":"https:\/\/evertectrends.com\/#website"},"datePublished":"2025-10-17T16:02:20+00:00","dateModified":"2025-10-25T02:21:12+00:00","description":"As tend\u00eancias de tecnologia para inovar com estrat\u00e9gia","breadcrumb":{"@id":"https:\/\/evertectrends.com\/pt-br\/evertec-apuesta-fuerte-por-chile-incorpora-talento-ejecutivo-de-primer-nivel-para-acelerar-su-expansion-en-el-mercado-de-pagos-digitales\/#breadcrumb"},"inLanguage":"pt-BR","potentialAction":[{"@type":"ReadAction","target":["https:\/\/evertectrends.com\/pt-br\/evertec-apuesta-fuerte-por-chile-incorpora-talento-ejecutivo-de-primer-nivel-para-acelerar-su-expansion-en-el-mercado-de-pagos-digitales\/"]}]},{"@type":"BreadcrumbList","@id":"https:\/\/evertectrends.com\/pt-br\/evertec-apuesta-fuerte-por-chile-incorpora-talento-ejecutivo-de-primer-nivel-para-acelerar-su-expansion-en-el-mercado-de-pagos-digitales\/#breadcrumb","itemListElement":[{"@type":"ListItem","position":1,"name":"Home","item":"https:\/\/evertectrends.com\/pt-br\/"},{"@type":"ListItem","position":2,"name":"Evertec","item":"https:\/\/evertectrends.com\/pt-br\/categorias\/artigos-evertec\/"},{"@type":"ListItem","position":3,"name":"Evertec aposta forte no Chile e incorpora executivos de alto n\u00edvel para acelerar sua expans\u00e3o no mercado de pagamentos digitais"}]},{"@type":"WebSite","@id":"https:\/\/evertectrends.com\/#website","url":"https:\/\/evertectrends.com\/","name":"Evertec Trends","description":"As tend\u00eancias de tecnologia para inovar com estrat\u00e9gia","publisher":{"@id":"https:\/\/evertectrends.com\/#organization"},"potentialAction":[{"@type":"SearchAction","target":{"@type":"EntryPoint","urlTemplate":"https:\/\/evertectrends.com\/?s={search_term_string}"},"query-input":{"@type":"PropertyValueSpecification","valueRequired":true,"valueName":"search_term_string"}}],"inLanguage":"pt-BR"},{"@type":"Organization","@id":"https:\/\/evertectrends.com\/#organization","name":"Evertec Trends","url":"https:\/\/evertectrends.com\/","logo":{"@type":"ImageObject","inLanguage":"pt-BR","@id":"https:\/\/evertectrends.com\/#\/schema\/logo\/image\/","url":"https:\/\/evertectrends.com\/wp-content\/uploads\/2024\/06\/evertectrends-sq.png","contentUrl":"https:\/\/evertectrends.com\/wp-content\/uploads\/2024\/06\/evertectrends-sq.png","width":416,"height":417,"caption":"Evertec Trends"},"image":{"@id":"https:\/\/evertectrends.com\/#\/schema\/logo\/image\/"}},{"@type":"Person","@id":"https:\/\/evertectrends.com\/#\/schema\/person\/07899642d9e4667697b7b0463442d054","name":"Evertec Trends","image":{"@type":"ImageObject","inLanguage":"pt-BR","@id":"https:\/\/secure.gravatar.com\/avatar\/f46217c56c100deb166f67953efa3f81077701bca98a102e48544095d631803d?s=96&d=robohash&r=g","url":"https:\/\/secure.gravatar.com\/avatar\/f46217c56c100deb166f67953efa3f81077701bca98a102e48544095d631803d?s=96&d=robohash&r=g","contentUrl":"https:\/\/secure.gravatar.com\/avatar\/f46217c56c100deb166f67953efa3f81077701bca98a102e48544095d631803d?s=96&d=robohash&r=g","caption":"Evertec Trends"},"description":"Mais que um portal de conte\u00fados, um ponto de encontro para quem quer desvendar o setor financeiro.","sameAs":["https:\/\/www.instagram.com\/evertecinc","https:\/\/www.linkedin.com\/company\/evertec\/"],"url":"https:\/\/evertectrends.com\/pt-br\/author\/evertectrends\/"}]}},"featured_image_url":null,"primary_category":"Evertec","_links":{"self":[{"href":"https:\/\/evertectrends.com\/pt-br\/wp-json\/wp\/v2\/posts\/72507","targetHints":{"allow":["GET"]}}],"collection":[{"href":"https:\/\/evertectrends.com\/pt-br\/wp-json\/wp\/v2\/posts"}],"about":[{"href":"https:\/\/evertectrends.com\/pt-br\/wp-json\/wp\/v2\/types\/post"}],"author":[{"embeddable":true,"href":"https:\/\/evertectrends.com\/pt-br\/wp-json\/wp\/v2\/users\/9"}],"replies":[{"embeddable":true,"href":"https:\/\/evertectrends.com\/pt-br\/wp-json\/wp\/v2\/comments?post=72507"}],"version-history":[{"count":2,"href":"https:\/\/evertectrends.com\/pt-br\/wp-json\/wp\/v2\/posts\/72507\/revisions"}],"predecessor-version":[{"id":72509,"href":"https:\/\/evertectrends.com\/pt-br\/wp-json\/wp\/v2\/posts\/72507\/revisions\/72509"}],"wp:attachment":[{"href":"https:\/\/evertectrends.com\/pt-br\/wp-json\/wp\/v2\/media?parent=72507"}],"wp:term":[{"taxonomy":"category","embeddable":true,"href":"https:\/\/evertectrends.com\/pt-br\/wp-json\/wp\/v2\/categories?post=72507"},{"taxonomy":"post_tag","embeddable":true,"href":"https:\/\/evertectrends.com\/pt-br\/wp-json\/wp\/v2\/tags?post=72507"}],"curies":[{"name":"wp","href":"https:\/\/api.w.org\/{rel}","templated":true}]}}