{"id":72331,"date":"2025-09-29T18:29:28","date_gmt":"2025-09-29T21:29:28","guid":{"rendered":"https:\/\/evertectrends.com\/checklist-para-avaliar-o-nivel-de-maturidade-tecnologica-do-seu-varejo\/"},"modified":"2025-09-29T19:16:04","modified_gmt":"2025-09-29T22:16:04","slug":"checklist-para-avaliar-o-nivel-de-maturidade-tecnologica-do-seu-varejo","status":"publish","type":"post","link":"https:\/\/evertectrends.com\/pt-br\/checklist-para-avaliar-o-nivel-de-maturidade-tecnologica-do-seu-varejo\/","title":{"rendered":"Checklist para avaliar o n\u00edvel de maturidade tecnol\u00f3gica do seu varejo"},"content":{"rendered":"\n<p>Em um ambiente competitivo e em constante transforma\u00e7\u00e3o como o varejo na Am\u00e9rica Latina, a transforma\u00e7\u00e3o digital deixou de ser opcional \u2014 ela \u00e9 essencial para se manter relevante e crescer. No entanto, antes de desenhar sua estrat\u00e9gia de inova\u00e7\u00e3o, \u00e9 fundamental entender em que n\u00edvel sua opera\u00e7\u00e3o se encontra em termos de maturidade tecnol\u00f3gica.  <\/p>\n\n<p>Este checklist vai te ajudar a avaliar de forma simples e eficaz o estado atual do seu varejo e definir os pr\u00f3ximos passos para evoluir e impulsionar seu neg\u00f3cio. <\/p>\n\n<h2 class=\"wp-block-heading has-luminous-vivid-orange-color has-text-color has-link-color wp-elements-6289e11c0aa2847eb024b0fe2d641ba5\" style=\"font-size:1.5rem;font-style:normal;font-weight:200\"><strong>1. Infraestrutura tecnol\u00f3gica<\/strong> <\/h2>\n\n<ul class=\"wp-block-list\">\n<li>Voc\u00ea conta com uma infraestrutura de TI robusta e escal\u00e1vel? <\/li>\n<\/ul>\n\n<ul class=\"wp-block-list\">\n<li>Seu sistema de gest\u00e3o (ERP, PDV, estoques) est\u00e1 integrado e na nuvem? <\/li>\n<\/ul>\n\n<ul class=\"wp-block-list\">\n<li>Sua equipe tem acesso remoto e solu\u00e7\u00f5es de mobilidade? <\/li>\n<\/ul>\n\n<p><strong>Indicador:<\/strong> Uma infraestrutura moderna e flex\u00edvel facilita a implementa\u00e7\u00e3o de novas tecnologias e melhora a efici\u00eancia operacional. <\/p>\n\n<h2 class=\"wp-block-heading has-luminous-vivid-orange-color has-text-color has-link-color wp-elements-13cd7ce227f4b17eb5dcff1970cf3699\" style=\"font-size:1.5rem;font-style:normal;font-weight:200\"><strong>2. Automa\u00e7\u00e3o e processos digitais<\/strong> <\/h2>\n\n<ul class=\"wp-block-list\">\n<li>Voc\u00ea automatizou tarefas repetitivas na cadeia de suprimentos, vendas e atendimento ao cliente? <\/li>\n<\/ul>\n\n<ul class=\"wp-block-list\">\n<li>Utiliza plataformas digitais para gerenciar estoques, pedidos e entregas? <\/li>\n<\/ul>\n\n<ul class=\"wp-block-list\">\n<li>Seus processos est\u00e3o digitalizados para reduzir erros e tempo de resposta? <\/li>\n<\/ul>\n\n<p><strong>Indicador:<\/strong> A automa\u00e7\u00e3o reduz custos e melhora a experi\u00eancia do cliente e a opera\u00e7\u00e3o. <\/p>\n\n<h2 class=\"wp-block-heading has-luminous-vivid-orange-color has-text-color has-link-color wp-elements-959afff744bf948e88e7748f47b23bd8\" style=\"font-size:1.5rem;font-style:normal;font-weight:200\"><strong>3. An\u00e1lise de dados e tomada de decis\u00e3o<\/strong> <\/h2>\n\n<ul class=\"wp-block-list\">\n<li>Voc\u00ea coleta dados de vendas, clientes e opera\u00e7\u00f5es em tempo real? <\/li>\n<\/ul>\n\n<ul class=\"wp-block-list\">\n<li>Utiliza ferramentas de an\u00e1lise e Business Intelligence (BI) para decis\u00f5es estrat\u00e9gicas? <\/li>\n<\/ul>\n\n<ul class=\"wp-block-list\">\n<li>Suas decis\u00f5es s\u00e3o baseadas em dados e n\u00e3o apenas em intui\u00e7\u00f5es? <\/li>\n<\/ul>\n\n<p><strong>Indicador: <\/strong>A an\u00e1lise de dados \u00e9 essencial para entender tend\u00eancias, otimizar ofertas e personalizar a experi\u00eancia de compra. <\/p>\n\n<h2 class=\"wp-block-heading has-luminous-vivid-orange-color has-text-color has-link-color wp-elements-58966287162ab43aace727d8614616da\" style=\"font-size:1.5rem;font-style:normal;font-weight:200\"><strong>4. Estrat\u00e9gia digital e presen\u00e7a online<\/strong> <\/h2>\n\n<ul class=\"wp-block-list\">\n<li>Seu neg\u00f3cio possui loja virtual ou plataformas de venda digital? <\/li>\n<\/ul>\n\n<ul class=\"wp-block-list\">\n<li>Voc\u00ea tem canais de comunica\u00e7\u00e3o com clientes (redes sociais, chatbots)? <\/li>\n<\/ul>\n\n<ul class=\"wp-block-list\">\n<li>Est\u00e1 utilizando marketing digital para atrair e fidelizar clientes? <\/li>\n<\/ul>\n\n<p><strong>Indicador:<\/strong> Uma estrat\u00e9gia digital s\u00f3lida aumenta o alcance e as vendas, especialmente em tempos de consumo digital elevado. <\/p>\n\n<h2 class=\"wp-block-heading has-luminous-vivid-orange-color has-text-color has-link-color wp-elements-a41ae630766c36aa946ae213c335db54\" style=\"font-size:1.5rem;font-style:normal;font-weight:200\"><strong>5. Experi\u00eancia do cliente e omnicanalidade<\/strong> <\/h2>\n\n<ul class=\"wp-block-list\">\n<li>Voc\u00ea oferece uma experi\u00eancia integrada e consistente em todos os canais (loja f\u00edsica, online, mobile)? <\/li>\n<\/ul>\n\n<ul class=\"wp-block-list\">\n<li>Possui solu\u00e7\u00f5es de pagamento digitais e op\u00e7\u00f5es de retirada na loja ou entrega? <\/li>\n<\/ul>\n\n<ul class=\"wp-block-list\">\n<li>Coleta e gerencia o feedback dos clientes para melhorias? <\/li>\n<\/ul>\n\n<p><strong>Indicador: <\/strong>A omnicanalidade melhora a satisfa\u00e7\u00e3o e fideliza\u00e7\u00e3o dos clientes. <\/p>\n\n<h2 class=\"wp-block-heading has-luminous-vivid-orange-color has-text-color has-link-color wp-elements-34aa2867db946597dc7a7eda7a292e0a\" style=\"font-size:1.5rem;font-style:normal;font-weight:200\"><strong>6. Cultura e capacita\u00e7\u00e3o tecnol\u00f3gica<\/strong> <\/h2>\n\n<ul class=\"wp-block-list\">\n<li>Sua equipe est\u00e1 em constante capacita\u00e7\u00e3o sobre novas tecnologias e ferramentas digitais? <\/li>\n<\/ul>\n\n<ul class=\"wp-block-list\">\n<li>Voc\u00ea promove uma cultura de inova\u00e7\u00e3o e adaptabilidade \u00e0s mudan\u00e7as? <\/li>\n<\/ul>\n\n<ul class=\"wp-block-list\">\n<li>Conta com equipe t\u00e9cnica ou parceiros especializados para suporte e evolu\u00e7\u00e3o tecnol\u00f3gica? <\/li>\n<\/ul>\n\n<p><strong>Indicador:<\/strong> A cultura digital impulsiona a ado\u00e7\u00e3o eficaz de novas solu\u00e7\u00f5es. <\/p>\n\n<h3 class=\"wp-block-heading has-luminous-vivid-orange-color has-text-color has-link-color wp-elements-dc00834cd35a49bd4ead1ee6847d82c3\" style=\"font-size:1.5rem;font-style:normal;font-weight:200\"><strong>O que vem a seguir?<\/strong> <\/h3>\n\n<p>Ao concluir essa avalia\u00e7\u00e3o, identifique em quais \u00e1reas seu varejo precisa de mais impulso. O objetivo n\u00e3o \u00e9 alcan\u00e7ar a perfei\u00e7\u00e3o em tudo, mas sim estabelecer prioridades claras para crescer de forma eficaz e sustent\u00e1vel. Passos simples e focados nas \u00e1reas mais fr\u00e1geis v\u00e3o preparar seu neg\u00f3cio para uma transforma\u00e7\u00e3o digital que gere valor e competitividade no mercado latino-americano.   <\/p>\n\n<p>Pronto para dar o pr\u00f3ximo passo? A transforma\u00e7\u00e3o come\u00e7a com uma avalia\u00e7\u00e3o honesta e um plano de a\u00e7\u00e3o concreto. Na Evertec, temos solu\u00e7\u00f5es para te acompanhar em todos os processos: avalia\u00e7\u00e3o dos seus processos internos, suporte tecnol\u00f3gico, solu\u00e7\u00f5es para automatizar tarefas, integrar canais de venda e muito mais. Conte com nossa tecnologia financeira para impulsionar seu neg\u00f3cio. Sucesso na sua jornada rumo a um varejo mais tecnol\u00f3gico e preparado para o futuro!    <\/p>\n","protected":false},"excerpt":{"rendered":"<p>Find out your retail\u2019s technology maturity level with this practical checklist. Evaluate infrastructure, automation, data, omnichannel, and digital culture to drive transformation and achieve sustainable growth. <\/p>\n","protected":false},"author":9,"featured_media":72312,"comment_status":"closed","ping_status":"closed","sticky":false,"template":"","format":"standard","meta":{"footnotes":""},"categories":[2633,998],"tags":[2808,2435],"class_list":["post-72331","post","type-post","status-publish","format-standard","has-post-thumbnail","hentry","category-comercio-e-varejo","category-tech-e-trends","tag-solucoes-de-negocios","tag-transformacao-digital-pt-br"],"yoast_head":"<!-- This site is optimized with the Yoast SEO plugin v27.5 - https:\/\/yoast.com\/product\/yoast-seo-wordpress\/ -->\n<title>Checklist de maturidade tecnol\u00f3gica para o varejo na LATAM<\/title>\n<meta name=\"description\" content=\"Avalie o n\u00edvel de maturidade tecnol\u00f3gica do seu varejo com este checklist. Descubra \u00e1reas essenciais para inovar, crescer e se destacar na Am\u00e9rica Latina.\" \/>\n<meta name=\"robots\" content=\"index, follow, max-snippet:-1, max-image-preview:large, max-video-preview:-1\" \/>\n<link rel=\"canonical\" href=\"https:\/\/evertectrends.com\/pt-br\/checklist-para-avaliar-o-nivel-de-maturidade-tecnologica-do-seu-varejo\/\" \/>\n<meta property=\"og:locale\" content=\"pt_BR\" \/>\n<meta property=\"og:type\" content=\"article\" \/>\n<meta property=\"og:title\" content=\"maturidade tecnol\u00f3gica, varejo, transforma\u00e7\u00e3o digital, checklist, inova\u00e7\u00e3o\" \/>\n<meta property=\"og:description\" content=\"Avalie o n\u00edvel de maturidade tecnol\u00f3gica do seu varejo com este checklist. Descubra \u00e1reas essenciais para inovar, crescer e se destacar na Am\u00e9rica Latina.\" \/>\n<meta property=\"og:url\" content=\"https:\/\/evertectrends.com\/pt-br\/checklist-para-avaliar-o-nivel-de-maturidade-tecnologica-do-seu-varejo\/\" \/>\n<meta property=\"og:site_name\" content=\"Evertec Trends\" \/>\n<meta property=\"article:published_time\" content=\"2025-09-29T21:29:28+00:00\" \/>\n<meta property=\"article:modified_time\" content=\"2025-09-29T22:16:04+00:00\" \/>\n<meta property=\"og:image\" content=\"https:\/\/evertectrends.com\/wp-content\/uploads\/2025\/09\/retail-tecnologico-1024x576.jpg\" \/>\n<meta name=\"author\" content=\"Evertec Trends\" \/>\n<meta name=\"twitter:card\" content=\"summary_large_image\" \/>\n<meta name=\"twitter:label1\" content=\"Escrito por\" \/>\n\t<meta name=\"twitter:data1\" content=\"Evertec Trends\" \/>\n\t<meta name=\"twitter:label2\" content=\"Est. tempo de leitura\" \/>\n\t<meta name=\"twitter:data2\" content=\"3 minutos\" \/>\n<script type=\"application\/ld+json\" class=\"yoast-schema-graph\">{\"@context\":\"https:\\\/\\\/schema.org\",\"@graph\":[{\"@type\":\"Article\",\"@id\":\"https:\\\/\\\/evertectrends.com\\\/pt-br\\\/checklist-para-avaliar-o-nivel-de-maturidade-tecnologica-do-seu-varejo\\\/#article\",\"isPartOf\":{\"@id\":\"https:\\\/\\\/evertectrends.com\\\/pt-br\\\/checklist-para-avaliar-o-nivel-de-maturidade-tecnologica-do-seu-varejo\\\/\"},\"author\":{\"name\":\"Evertec Trends\",\"@id\":\"https:\\\/\\\/evertectrends.com\\\/#\\\/schema\\\/person\\\/07899642d9e4667697b7b0463442d054\"},\"headline\":\"Checklist para avaliar o n\u00edvel de maturidade tecnol\u00f3gica do seu varejo\",\"datePublished\":\"2025-09-29T21:29:28+00:00\",\"dateModified\":\"2025-09-29T22:16:04+00:00\",\"mainEntityOfPage\":{\"@id\":\"https:\\\/\\\/evertectrends.com\\\/pt-br\\\/checklist-para-avaliar-o-nivel-de-maturidade-tecnologica-do-seu-varejo\\\/\"},\"wordCount\":618,\"publisher\":{\"@id\":\"https:\\\/\\\/evertectrends.com\\\/#organization\"},\"image\":{\"@id\":\"https:\\\/\\\/evertectrends.com\\\/pt-br\\\/checklist-para-avaliar-o-nivel-de-maturidade-tecnologica-do-seu-varejo\\\/#primaryimage\"},\"thumbnailUrl\":\"https:\\\/\\\/evertectrends.com\\\/wp-content\\\/uploads\\\/2025\\\/09\\\/retail-tecnologico.jpg\",\"keywords\":[\"Solu\u00e7\u00f5es de neg\u00f3cios\",\"transforma\u00e7\u00e3o digital\"],\"articleSection\":[\"Com\u00e9rcio e Varejo\",\"Tech e Trends\"],\"inLanguage\":\"pt-BR\"},{\"@type\":\"WebPage\",\"@id\":\"https:\\\/\\\/evertectrends.com\\\/pt-br\\\/checklist-para-avaliar-o-nivel-de-maturidade-tecnologica-do-seu-varejo\\\/\",\"url\":\"https:\\\/\\\/evertectrends.com\\\/pt-br\\\/checklist-para-avaliar-o-nivel-de-maturidade-tecnologica-do-seu-varejo\\\/\",\"name\":\"Checklist de maturidade tecnol\u00f3gica para o varejo na LATAM\",\"isPartOf\":{\"@id\":\"https:\\\/\\\/evertectrends.com\\\/#website\"},\"primaryImageOfPage\":{\"@id\":\"https:\\\/\\\/evertectrends.com\\\/pt-br\\\/checklist-para-avaliar-o-nivel-de-maturidade-tecnologica-do-seu-varejo\\\/#primaryimage\"},\"image\":{\"@id\":\"https:\\\/\\\/evertectrends.com\\\/pt-br\\\/checklist-para-avaliar-o-nivel-de-maturidade-tecnologica-do-seu-varejo\\\/#primaryimage\"},\"thumbnailUrl\":\"https:\\\/\\\/evertectrends.com\\\/wp-content\\\/uploads\\\/2025\\\/09\\\/retail-tecnologico.jpg\",\"datePublished\":\"2025-09-29T21:29:28+00:00\",\"dateModified\":\"2025-09-29T22:16:04+00:00\",\"description\":\"Avalie o n\u00edvel de maturidade tecnol\u00f3gica do seu varejo com este checklist. Descubra \u00e1reas essenciais para inovar, crescer e se destacar na Am\u00e9rica Latina.\",\"breadcrumb\":{\"@id\":\"https:\\\/\\\/evertectrends.com\\\/pt-br\\\/checklist-para-avaliar-o-nivel-de-maturidade-tecnologica-do-seu-varejo\\\/#breadcrumb\"},\"inLanguage\":\"pt-BR\",\"potentialAction\":[{\"@type\":\"ReadAction\",\"target\":[\"https:\\\/\\\/evertectrends.com\\\/pt-br\\\/checklist-para-avaliar-o-nivel-de-maturidade-tecnologica-do-seu-varejo\\\/\"]}]},{\"@type\":\"ImageObject\",\"inLanguage\":\"pt-BR\",\"@id\":\"https:\\\/\\\/evertectrends.com\\\/pt-br\\\/checklist-para-avaliar-o-nivel-de-maturidade-tecnologica-do-seu-varejo\\\/#primaryimage\",\"url\":\"https:\\\/\\\/evertectrends.com\\\/wp-content\\\/uploads\\\/2025\\\/09\\\/retail-tecnologico.jpg\",\"contentUrl\":\"https:\\\/\\\/evertectrends.com\\\/wp-content\\\/uploads\\\/2025\\\/09\\\/retail-tecnologico.jpg\",\"width\":1110,\"height\":624},{\"@type\":\"BreadcrumbList\",\"@id\":\"https:\\\/\\\/evertectrends.com\\\/pt-br\\\/checklist-para-avaliar-o-nivel-de-maturidade-tecnologica-do-seu-varejo\\\/#breadcrumb\",\"itemListElement\":[{\"@type\":\"ListItem\",\"position\":1,\"name\":\"Home\",\"item\":\"https:\\\/\\\/evertectrends.com\\\/pt-br\\\/\"},{\"@type\":\"ListItem\",\"position\":2,\"name\":\"Sem categoria\",\"item\":\"https:\\\/\\\/evertectrends.com\\\/categorias\\\/sem-categoria\\\/\"},{\"@type\":\"ListItem\",\"position\":3,\"name\":\"Checklist para avaliar o n\u00edvel de maturidade tecnol\u00f3gica do seu varejo\"}]},{\"@type\":\"WebSite\",\"@id\":\"https:\\\/\\\/evertectrends.com\\\/#website\",\"url\":\"https:\\\/\\\/evertectrends.com\\\/\",\"name\":\"Evertec Trends\",\"description\":\"As tend\u00eancias de tecnologia para inovar com estrat\u00e9gia\",\"publisher\":{\"@id\":\"https:\\\/\\\/evertectrends.com\\\/#organization\"},\"potentialAction\":[{\"@type\":\"SearchAction\",\"target\":{\"@type\":\"EntryPoint\",\"urlTemplate\":\"https:\\\/\\\/evertectrends.com\\\/?s={search_term_string}\"},\"query-input\":{\"@type\":\"PropertyValueSpecification\",\"valueRequired\":true,\"valueName\":\"search_term_string\"}}],\"inLanguage\":\"pt-BR\"},{\"@type\":\"Organization\",\"@id\":\"https:\\\/\\\/evertectrends.com\\\/#organization\",\"name\":\"Evertec Trends\",\"url\":\"https:\\\/\\\/evertectrends.com\\\/\",\"logo\":{\"@type\":\"ImageObject\",\"inLanguage\":\"pt-BR\",\"@id\":\"https:\\\/\\\/evertectrends.com\\\/#\\\/schema\\\/logo\\\/image\\\/\",\"url\":\"https:\\\/\\\/evertectrends.com\\\/wp-content\\\/uploads\\\/2024\\\/06\\\/evertectrends-sq.png\",\"contentUrl\":\"https:\\\/\\\/evertectrends.com\\\/wp-content\\\/uploads\\\/2024\\\/06\\\/evertectrends-sq.png\",\"width\":416,\"height\":417,\"caption\":\"Evertec Trends\"},\"image\":{\"@id\":\"https:\\\/\\\/evertectrends.com\\\/#\\\/schema\\\/logo\\\/image\\\/\"}},{\"@type\":\"Person\",\"@id\":\"https:\\\/\\\/evertectrends.com\\\/#\\\/schema\\\/person\\\/07899642d9e4667697b7b0463442d054\",\"name\":\"Evertec Trends\",\"image\":{\"@type\":\"ImageObject\",\"inLanguage\":\"pt-BR\",\"@id\":\"https:\\\/\\\/secure.gravatar.com\\\/avatar\\\/f46217c56c100deb166f67953efa3f81077701bca98a102e48544095d631803d?s=96&d=robohash&r=g\",\"url\":\"https:\\\/\\\/secure.gravatar.com\\\/avatar\\\/f46217c56c100deb166f67953efa3f81077701bca98a102e48544095d631803d?s=96&d=robohash&r=g\",\"contentUrl\":\"https:\\\/\\\/secure.gravatar.com\\\/avatar\\\/f46217c56c100deb166f67953efa3f81077701bca98a102e48544095d631803d?s=96&d=robohash&r=g\",\"caption\":\"Evertec Trends\"},\"description\":\"Mais que um portal de conte\u00fados, um ponto de encontro para quem quer desvendar o setor financeiro.\",\"sameAs\":[\"https:\\\/\\\/www.instagram.com\\\/evertecinc\",\"https:\\\/\\\/www.linkedin.com\\\/company\\\/evertec\\\/\"],\"url\":\"https:\\\/\\\/evertectrends.com\\\/pt-br\\\/author\\\/evertectrends\\\/\"}]}<\/script>\n<!-- \/ Yoast SEO plugin. -->","yoast_head_json":{"title":"Checklist de maturidade tecnol\u00f3gica para o varejo na LATAM","description":"Avalie o n\u00edvel de maturidade tecnol\u00f3gica do seu varejo com este checklist. Descubra \u00e1reas essenciais para inovar, crescer e se destacar na Am\u00e9rica Latina.","robots":{"index":"index","follow":"follow","max-snippet":"max-snippet:-1","max-image-preview":"max-image-preview:large","max-video-preview":"max-video-preview:-1"},"canonical":"https:\/\/evertectrends.com\/pt-br\/checklist-para-avaliar-o-nivel-de-maturidade-tecnologica-do-seu-varejo\/","og_locale":"pt_BR","og_type":"article","og_title":"maturidade tecnol\u00f3gica, varejo, transforma\u00e7\u00e3o digital, checklist, inova\u00e7\u00e3o","og_description":"Avalie o n\u00edvel de maturidade tecnol\u00f3gica do seu varejo com este checklist. Descubra \u00e1reas essenciais para inovar, crescer e se destacar na Am\u00e9rica Latina.","og_url":"https:\/\/evertectrends.com\/pt-br\/checklist-para-avaliar-o-nivel-de-maturidade-tecnologica-do-seu-varejo\/","og_site_name":"Evertec Trends","article_published_time":"2025-09-29T21:29:28+00:00","article_modified_time":"2025-09-29T22:16:04+00:00","og_image":[{"url":"https:\/\/evertectrends.com\/wp-content\/uploads\/2025\/09\/retail-tecnologico-1024x576.jpg","type":"","width":"","height":""}],"author":"Evertec Trends","twitter_card":"summary_large_image","twitter_misc":{"Escrito por":"Evertec Trends","Est. tempo de leitura":"3 minutos"},"schema":{"@context":"https:\/\/schema.org","@graph":[{"@type":"Article","@id":"https:\/\/evertectrends.com\/pt-br\/checklist-para-avaliar-o-nivel-de-maturidade-tecnologica-do-seu-varejo\/#article","isPartOf":{"@id":"https:\/\/evertectrends.com\/pt-br\/checklist-para-avaliar-o-nivel-de-maturidade-tecnologica-do-seu-varejo\/"},"author":{"name":"Evertec Trends","@id":"https:\/\/evertectrends.com\/#\/schema\/person\/07899642d9e4667697b7b0463442d054"},"headline":"Checklist para avaliar o n\u00edvel de maturidade tecnol\u00f3gica do seu varejo","datePublished":"2025-09-29T21:29:28+00:00","dateModified":"2025-09-29T22:16:04+00:00","mainEntityOfPage":{"@id":"https:\/\/evertectrends.com\/pt-br\/checklist-para-avaliar-o-nivel-de-maturidade-tecnologica-do-seu-varejo\/"},"wordCount":618,"publisher":{"@id":"https:\/\/evertectrends.com\/#organization"},"image":{"@id":"https:\/\/evertectrends.com\/pt-br\/checklist-para-avaliar-o-nivel-de-maturidade-tecnologica-do-seu-varejo\/#primaryimage"},"thumbnailUrl":"https:\/\/evertectrends.com\/wp-content\/uploads\/2025\/09\/retail-tecnologico.jpg","keywords":["Solu\u00e7\u00f5es de neg\u00f3cios","transforma\u00e7\u00e3o digital"],"articleSection":["Com\u00e9rcio e Varejo","Tech e Trends"],"inLanguage":"pt-BR"},{"@type":"WebPage","@id":"https:\/\/evertectrends.com\/pt-br\/checklist-para-avaliar-o-nivel-de-maturidade-tecnologica-do-seu-varejo\/","url":"https:\/\/evertectrends.com\/pt-br\/checklist-para-avaliar-o-nivel-de-maturidade-tecnologica-do-seu-varejo\/","name":"Checklist de maturidade tecnol\u00f3gica para o varejo na LATAM","isPartOf":{"@id":"https:\/\/evertectrends.com\/#website"},"primaryImageOfPage":{"@id":"https:\/\/evertectrends.com\/pt-br\/checklist-para-avaliar-o-nivel-de-maturidade-tecnologica-do-seu-varejo\/#primaryimage"},"image":{"@id":"https:\/\/evertectrends.com\/pt-br\/checklist-para-avaliar-o-nivel-de-maturidade-tecnologica-do-seu-varejo\/#primaryimage"},"thumbnailUrl":"https:\/\/evertectrends.com\/wp-content\/uploads\/2025\/09\/retail-tecnologico.jpg","datePublished":"2025-09-29T21:29:28+00:00","dateModified":"2025-09-29T22:16:04+00:00","description":"Avalie o n\u00edvel de maturidade tecnol\u00f3gica do seu varejo com este checklist. Descubra \u00e1reas essenciais para inovar, crescer e se destacar na Am\u00e9rica Latina.","breadcrumb":{"@id":"https:\/\/evertectrends.com\/pt-br\/checklist-para-avaliar-o-nivel-de-maturidade-tecnologica-do-seu-varejo\/#breadcrumb"},"inLanguage":"pt-BR","potentialAction":[{"@type":"ReadAction","target":["https:\/\/evertectrends.com\/pt-br\/checklist-para-avaliar-o-nivel-de-maturidade-tecnologica-do-seu-varejo\/"]}]},{"@type":"ImageObject","inLanguage":"pt-BR","@id":"https:\/\/evertectrends.com\/pt-br\/checklist-para-avaliar-o-nivel-de-maturidade-tecnologica-do-seu-varejo\/#primaryimage","url":"https:\/\/evertectrends.com\/wp-content\/uploads\/2025\/09\/retail-tecnologico.jpg","contentUrl":"https:\/\/evertectrends.com\/wp-content\/uploads\/2025\/09\/retail-tecnologico.jpg","width":1110,"height":624},{"@type":"BreadcrumbList","@id":"https:\/\/evertectrends.com\/pt-br\/checklist-para-avaliar-o-nivel-de-maturidade-tecnologica-do-seu-varejo\/#breadcrumb","itemListElement":[{"@type":"ListItem","position":1,"name":"Home","item":"https:\/\/evertectrends.com\/pt-br\/"},{"@type":"ListItem","position":2,"name":"Sem categoria","item":"https:\/\/evertectrends.com\/categorias\/sem-categoria\/"},{"@type":"ListItem","position":3,"name":"Checklist para avaliar o n\u00edvel de maturidade tecnol\u00f3gica do seu varejo"}]},{"@type":"WebSite","@id":"https:\/\/evertectrends.com\/#website","url":"https:\/\/evertectrends.com\/","name":"Evertec Trends","description":"As tend\u00eancias de tecnologia para inovar com estrat\u00e9gia","publisher":{"@id":"https:\/\/evertectrends.com\/#organization"},"potentialAction":[{"@type":"SearchAction","target":{"@type":"EntryPoint","urlTemplate":"https:\/\/evertectrends.com\/?s={search_term_string}"},"query-input":{"@type":"PropertyValueSpecification","valueRequired":true,"valueName":"search_term_string"}}],"inLanguage":"pt-BR"},{"@type":"Organization","@id":"https:\/\/evertectrends.com\/#organization","name":"Evertec Trends","url":"https:\/\/evertectrends.com\/","logo":{"@type":"ImageObject","inLanguage":"pt-BR","@id":"https:\/\/evertectrends.com\/#\/schema\/logo\/image\/","url":"https:\/\/evertectrends.com\/wp-content\/uploads\/2024\/06\/evertectrends-sq.png","contentUrl":"https:\/\/evertectrends.com\/wp-content\/uploads\/2024\/06\/evertectrends-sq.png","width":416,"height":417,"caption":"Evertec Trends"},"image":{"@id":"https:\/\/evertectrends.com\/#\/schema\/logo\/image\/"}},{"@type":"Person","@id":"https:\/\/evertectrends.com\/#\/schema\/person\/07899642d9e4667697b7b0463442d054","name":"Evertec Trends","image":{"@type":"ImageObject","inLanguage":"pt-BR","@id":"https:\/\/secure.gravatar.com\/avatar\/f46217c56c100deb166f67953efa3f81077701bca98a102e48544095d631803d?s=96&d=robohash&r=g","url":"https:\/\/secure.gravatar.com\/avatar\/f46217c56c100deb166f67953efa3f81077701bca98a102e48544095d631803d?s=96&d=robohash&r=g","contentUrl":"https:\/\/secure.gravatar.com\/avatar\/f46217c56c100deb166f67953efa3f81077701bca98a102e48544095d631803d?s=96&d=robohash&r=g","caption":"Evertec Trends"},"description":"Mais que um portal de conte\u00fados, um ponto de encontro para quem quer desvendar o setor financeiro.","sameAs":["https:\/\/www.instagram.com\/evertecinc","https:\/\/www.linkedin.com\/company\/evertec\/"],"url":"https:\/\/evertectrends.com\/pt-br\/author\/evertectrends\/"}]}},"featured_image_url":"https:\/\/evertectrends.com\/wp-content\/uploads\/2025\/09\/retail-tecnologico.jpg","primary_category":"Com\u00e9rcio e Varejo","_links":{"self":[{"href":"https:\/\/evertectrends.com\/pt-br\/wp-json\/wp\/v2\/posts\/72331","targetHints":{"allow":["GET"]}}],"collection":[{"href":"https:\/\/evertectrends.com\/pt-br\/wp-json\/wp\/v2\/posts"}],"about":[{"href":"https:\/\/evertectrends.com\/pt-br\/wp-json\/wp\/v2\/types\/post"}],"author":[{"embeddable":true,"href":"https:\/\/evertectrends.com\/pt-br\/wp-json\/wp\/v2\/users\/9"}],"replies":[{"embeddable":true,"href":"https:\/\/evertectrends.com\/pt-br\/wp-json\/wp\/v2\/comments?post=72331"}],"version-history":[{"count":1,"href":"https:\/\/evertectrends.com\/pt-br\/wp-json\/wp\/v2\/posts\/72331\/revisions"}],"predecessor-version":[{"id":72332,"href":"https:\/\/evertectrends.com\/pt-br\/wp-json\/wp\/v2\/posts\/72331\/revisions\/72332"}],"wp:featuredmedia":[{"embeddable":true,"href":"https:\/\/evertectrends.com\/pt-br\/wp-json\/wp\/v2\/media\/72312"}],"wp:attachment":[{"href":"https:\/\/evertectrends.com\/pt-br\/wp-json\/wp\/v2\/media?parent=72331"}],"wp:term":[{"taxonomy":"category","embeddable":true,"href":"https:\/\/evertectrends.com\/pt-br\/wp-json\/wp\/v2\/categories?post=72331"},{"taxonomy":"post_tag","embeddable":true,"href":"https:\/\/evertectrends.com\/pt-br\/wp-json\/wp\/v2\/tags?post=72331"}],"curies":[{"name":"wp","href":"https:\/\/api.w.org\/{rel}","templated":true}]}}