{"id":71717,"date":"2024-01-02T12:15:48","date_gmt":"2024-01-02T15:15:48","guid":{"rendered":"https:\/\/evertectrends.com\/sergio-manero-e-nomeado-strategic-partnership-manager\/"},"modified":"2024-01-02T12:15:48","modified_gmt":"2024-01-02T15:15:48","slug":"sergio-manero-e-nomeado-strategic-partnership-manager","status":"publish","type":"post","link":"https:\/\/evertectrends.com\/pt-br\/sergio-manero-e-nomeado-strategic-partnership-manager\/","title":{"rendered":"Sergio Manero \u00e9 nomeado Strategic Partnership Manager"},"content":{"rendered":"<p>Manero \u00e9 Engenheiro Civil Industrial pela Universidad Andr\u00e9s Bello e possui ampla trajet\u00f3ria em ind\u00fastrias como telecomunica\u00e7\u00f5es, servi\u00e7os de consultoria e projetos tecnol\u00f3gicos no pa\u00eds. Ao longo de sua carreira, acumulou vasta experi\u00eancia na avalia\u00e7\u00e3o, implementa\u00e7\u00e3o e lideran\u00e7a de projetos tecnol\u00f3gicos em diferentes setores, desempenhando pap\u00e9is estrat\u00e9gicos em empresas como Transbank, Wom, Tm-Mas e Grupo Alma. <\/p>\n<p>Em sua nova fun\u00e7\u00e3o, Sergio Manero liderar\u00e1 o desenvolvimento e a gest\u00e3o de parcerias nos mercados chileno, peruano e uruguaio, com foco em inova\u00e7\u00e3o e colabora\u00e7\u00e3o, posicionando a empresa como refer\u00eancia no setor financeiro e tecnol\u00f3gico. <\/p>\n<blockquote>\n<p>\n A nomea\u00e7\u00e3o de Sergio Manero refor\u00e7a nossa estrat\u00e9gia de crescimento no Chile, Peru e Uruguai, e destaca nosso compromisso de nos consolidar como l\u00edderes nesses mercados-chave. Sua experi\u00eancia e vis\u00e3o ser\u00e3o essenciais para fortalecer nossas parcerias e atender \u00e0s necessidades de um mercado em constante evolu\u00e7\u00e3o\u201d,  <\/p>\n<p>\t\t\t\t\t\t\t\t\t\t\t<cite>Daniel Barba<br \/>Commercial Head da Evertec <\/cite>\n\t\t\t\t\t<\/p><\/blockquote>\n<p>Continuamos reafirmando nosso compromisso com o crescimento, apostando em talento e experi\u00eancia como motores de inova\u00e7\u00e3o e lideran\u00e7a na regi\u00e3o.<\/p>\n","protected":false},"excerpt":{"rendered":"<p>Anunciamos uma mudan\u00e7a importante em nossa estrutura organizacional com a nomea\u00e7\u00e3o de Sergio Manero como Strategic Partnership Manager.<\/p>\n","protected":false},"author":9,"featured_media":68508,"comment_status":"open","ping_status":"open","sticky":false,"template":"","format":"standard","meta":{"footnotes":""},"categories":[],"tags":[2623,2420,2624,2625,2626,2622,2627,2628,2629,2434],"class_list":["post-71717","post","type-post","status-publish","format-standard","has-post-thumbnail","hentry","tag-crescimento-empresarial","tag-evertec-pt-br","tag-inovacao-tecnologica","tag-lideranca-financeira","tag-mercado-latino-americano","tag-parcerias-estrategicas","tag-sector-fintech-pt-br","tag-sergio-manero-pt-br","tag-strategic-partnership-manager-pt-br","tag-tecnologia-financeira"],"yoast_head":"<!-- This site is optimized with the Yoast SEO plugin v27.5 - https:\/\/yoast.com\/product\/yoast-seo-wordpress\/ -->\n<title>Sergio Manero, novo Strategic Partnership Manager - Evertec Trends<\/title>\n<meta name=\"description\" content=\"Evertec nomeia Sergio Manero Strategic Partnership Manager para fortalecer parcerias no Chile, Peru e Uruguai com inova\u00e7\u00e3o e lideran\u00e7a.\" \/>\n<meta name=\"robots\" content=\"index, follow, max-snippet:-1, max-image-preview:large, max-video-preview:-1\" \/>\n<link rel=\"canonical\" href=\"https:\/\/evertectrends.com\/pt-br\/sergio-manero-e-nomeado-strategic-partnership-manager\/\" \/>\n<meta property=\"og:locale\" content=\"pt_BR\" \/>\n<meta property=\"og:type\" content=\"article\" \/>\n<meta property=\"og:title\" content=\"Sergio Manero, novo Strategic Partnership Manager - Evertec Trends\" \/>\n<meta property=\"og:description\" content=\"Evertec nomeia Sergio Manero Strategic Partnership Manager para fortalecer parcerias no Chile, Peru e Uruguai com inova\u00e7\u00e3o e lideran\u00e7a.\" \/>\n<meta property=\"og:url\" content=\"https:\/\/evertectrends.com\/pt-br\/sergio-manero-e-nomeado-strategic-partnership-manager\/\" \/>\n<meta property=\"og:site_name\" content=\"Evertec Trends\" \/>\n<meta property=\"article:published_time\" content=\"2024-01-02T15:15:48+00:00\" \/>\n<meta property=\"og:image\" content=\"https:\/\/evertectrends.com\/wp-content\/uploads\/2025\/07\/Sergio-Manero-nuevo-Strategic-Partnership-Manager-1.jpg\" \/>\n\t<meta property=\"og:image:width\" content=\"1200\" \/>\n\t<meta property=\"og:image:height\" content=\"620\" \/>\n\t<meta property=\"og:image:type\" content=\"image\/jpeg\" \/>\n<meta name=\"author\" content=\"Evertec Trends\" \/>\n<meta name=\"twitter:card\" content=\"summary_large_image\" \/>\n<meta name=\"twitter:label1\" content=\"Escrito por\" \/>\n\t<meta name=\"twitter:data1\" content=\"Evertec Trends\" \/>\n\t<meta name=\"twitter:label2\" content=\"Est. tempo de leitura\" \/>\n\t<meta name=\"twitter:data2\" content=\"1 minuto\" \/>\n<script type=\"application\/ld+json\" class=\"yoast-schema-graph\">{\"@context\":\"https:\\\/\\\/schema.org\",\"@graph\":[{\"@type\":\"Article\",\"@id\":\"https:\\\/\\\/evertectrends.com\\\/pt-br\\\/sergio-manero-e-nomeado-strategic-partnership-manager\\\/#article\",\"isPartOf\":{\"@id\":\"https:\\\/\\\/evertectrends.com\\\/pt-br\\\/sergio-manero-e-nomeado-strategic-partnership-manager\\\/\"},\"author\":{\"name\":\"Evertec Trends\",\"@id\":\"https:\\\/\\\/evertectrends.com\\\/#\\\/schema\\\/person\\\/07899642d9e4667697b7b0463442d054\"},\"headline\":\"Sergio Manero \u00e9 nomeado Strategic Partnership Manager\",\"datePublished\":\"2024-01-02T15:15:48+00:00\",\"mainEntityOfPage\":{\"@id\":\"https:\\\/\\\/evertectrends.com\\\/pt-br\\\/sergio-manero-e-nomeado-strategic-partnership-manager\\\/\"},\"wordCount\":200,\"commentCount\":0,\"publisher\":{\"@id\":\"https:\\\/\\\/evertectrends.com\\\/#organization\"},\"image\":{\"@id\":\"https:\\\/\\\/evertectrends.com\\\/pt-br\\\/sergio-manero-e-nomeado-strategic-partnership-manager\\\/#primaryimage\"},\"thumbnailUrl\":\"https:\\\/\\\/evertectrends.com\\\/wp-content\\\/uploads\\\/2025\\\/07\\\/Sergio-Manero-nuevo-Strategic-Partnership-Manager-1.jpg\",\"keywords\":[\"crescimento empresarial\",\"Evertec\",\"inova\u00e7\u00e3o tecnol\u00f3gica\",\"lideran\u00e7a financeira\",\"mercado latino-americano\",\"parcerias estrat\u00e9gicas\",\"sector fintech\",\"Sergio Manero\",\"Strategic Partnership Manager\",\"tecnologia financeira\"],\"inLanguage\":\"pt-BR\",\"potentialAction\":[{\"@type\":\"CommentAction\",\"name\":\"Comment\",\"target\":[\"https:\\\/\\\/evertectrends.com\\\/pt-br\\\/sergio-manero-e-nomeado-strategic-partnership-manager\\\/#respond\"]}]},{\"@type\":\"WebPage\",\"@id\":\"https:\\\/\\\/evertectrends.com\\\/pt-br\\\/sergio-manero-e-nomeado-strategic-partnership-manager\\\/\",\"url\":\"https:\\\/\\\/evertectrends.com\\\/pt-br\\\/sergio-manero-e-nomeado-strategic-partnership-manager\\\/\",\"name\":\"Sergio Manero, novo Strategic Partnership Manager - Evertec Trends\",\"isPartOf\":{\"@id\":\"https:\\\/\\\/evertectrends.com\\\/#website\"},\"primaryImageOfPage\":{\"@id\":\"https:\\\/\\\/evertectrends.com\\\/pt-br\\\/sergio-manero-e-nomeado-strategic-partnership-manager\\\/#primaryimage\"},\"image\":{\"@id\":\"https:\\\/\\\/evertectrends.com\\\/pt-br\\\/sergio-manero-e-nomeado-strategic-partnership-manager\\\/#primaryimage\"},\"thumbnailUrl\":\"https:\\\/\\\/evertectrends.com\\\/wp-content\\\/uploads\\\/2025\\\/07\\\/Sergio-Manero-nuevo-Strategic-Partnership-Manager-1.jpg\",\"datePublished\":\"2024-01-02T15:15:48+00:00\",\"description\":\"Evertec nomeia Sergio Manero Strategic Partnership Manager para fortalecer parcerias no Chile, Peru e Uruguai com inova\u00e7\u00e3o e lideran\u00e7a.\",\"breadcrumb\":{\"@id\":\"https:\\\/\\\/evertectrends.com\\\/pt-br\\\/sergio-manero-e-nomeado-strategic-partnership-manager\\\/#breadcrumb\"},\"inLanguage\":\"pt-BR\",\"potentialAction\":[{\"@type\":\"ReadAction\",\"target\":[\"https:\\\/\\\/evertectrends.com\\\/pt-br\\\/sergio-manero-e-nomeado-strategic-partnership-manager\\\/\"]}]},{\"@type\":\"ImageObject\",\"inLanguage\":\"pt-BR\",\"@id\":\"https:\\\/\\\/evertectrends.com\\\/pt-br\\\/sergio-manero-e-nomeado-strategic-partnership-manager\\\/#primaryimage\",\"url\":\"https:\\\/\\\/evertectrends.com\\\/wp-content\\\/uploads\\\/2025\\\/07\\\/Sergio-Manero-nuevo-Strategic-Partnership-Manager-1.jpg\",\"contentUrl\":\"https:\\\/\\\/evertectrends.com\\\/wp-content\\\/uploads\\\/2025\\\/07\\\/Sergio-Manero-nuevo-Strategic-Partnership-Manager-1.jpg\",\"width\":1200,\"height\":620},{\"@type\":\"BreadcrumbList\",\"@id\":\"https:\\\/\\\/evertectrends.com\\\/pt-br\\\/sergio-manero-e-nomeado-strategic-partnership-manager\\\/#breadcrumb\",\"itemListElement\":[{\"@type\":\"ListItem\",\"position\":1,\"name\":\"Home\",\"item\":\"https:\\\/\\\/evertectrends.com\\\/pt-br\\\/\"},{\"@type\":\"ListItem\",\"position\":2,\"name\":\"Sem categoria\",\"item\":\"https:\\\/\\\/evertectrends.com\\\/categorias\\\/sem-categoria\\\/\"},{\"@type\":\"ListItem\",\"position\":3,\"name\":\"Sergio Manero \u00e9 nomeado Strategic Partnership Manager\"}]},{\"@type\":\"WebSite\",\"@id\":\"https:\\\/\\\/evertectrends.com\\\/#website\",\"url\":\"https:\\\/\\\/evertectrends.com\\\/\",\"name\":\"Evertec Trends\",\"description\":\"As tend\u00eancias de tecnologia para inovar com estrat\u00e9gia\",\"publisher\":{\"@id\":\"https:\\\/\\\/evertectrends.com\\\/#organization\"},\"potentialAction\":[{\"@type\":\"SearchAction\",\"target\":{\"@type\":\"EntryPoint\",\"urlTemplate\":\"https:\\\/\\\/evertectrends.com\\\/?s={search_term_string}\"},\"query-input\":{\"@type\":\"PropertyValueSpecification\",\"valueRequired\":true,\"valueName\":\"search_term_string\"}}],\"inLanguage\":\"pt-BR\"},{\"@type\":\"Organization\",\"@id\":\"https:\\\/\\\/evertectrends.com\\\/#organization\",\"name\":\"Evertec Trends\",\"url\":\"https:\\\/\\\/evertectrends.com\\\/\",\"logo\":{\"@type\":\"ImageObject\",\"inLanguage\":\"pt-BR\",\"@id\":\"https:\\\/\\\/evertectrends.com\\\/#\\\/schema\\\/logo\\\/image\\\/\",\"url\":\"https:\\\/\\\/evertectrends.com\\\/wp-content\\\/uploads\\\/2024\\\/06\\\/evertectrends-sq.png\",\"contentUrl\":\"https:\\\/\\\/evertectrends.com\\\/wp-content\\\/uploads\\\/2024\\\/06\\\/evertectrends-sq.png\",\"width\":416,\"height\":417,\"caption\":\"Evertec Trends\"},\"image\":{\"@id\":\"https:\\\/\\\/evertectrends.com\\\/#\\\/schema\\\/logo\\\/image\\\/\"}},{\"@type\":\"Person\",\"@id\":\"https:\\\/\\\/evertectrends.com\\\/#\\\/schema\\\/person\\\/07899642d9e4667697b7b0463442d054\",\"name\":\"Evertec Trends\",\"image\":{\"@type\":\"ImageObject\",\"inLanguage\":\"pt-BR\",\"@id\":\"https:\\\/\\\/secure.gravatar.com\\\/avatar\\\/f46217c56c100deb166f67953efa3f81077701bca98a102e48544095d631803d?s=96&d=robohash&r=g\",\"url\":\"https:\\\/\\\/secure.gravatar.com\\\/avatar\\\/f46217c56c100deb166f67953efa3f81077701bca98a102e48544095d631803d?s=96&d=robohash&r=g\",\"contentUrl\":\"https:\\\/\\\/secure.gravatar.com\\\/avatar\\\/f46217c56c100deb166f67953efa3f81077701bca98a102e48544095d631803d?s=96&d=robohash&r=g\",\"caption\":\"Evertec Trends\"},\"description\":\"Mais que um portal de conte\u00fados, um ponto de encontro para quem quer desvendar o setor financeiro.\",\"sameAs\":[\"https:\\\/\\\/www.instagram.com\\\/evertecinc\",\"https:\\\/\\\/www.linkedin.com\\\/company\\\/evertec\\\/\"],\"url\":\"https:\\\/\\\/evertectrends.com\\\/pt-br\\\/author\\\/evertectrends\\\/\"}]}<\/script>\n<!-- \/ Yoast SEO plugin. -->","yoast_head_json":{"title":"Sergio Manero, novo Strategic Partnership Manager - Evertec Trends","description":"Evertec nomeia Sergio Manero Strategic Partnership Manager para fortalecer parcerias no Chile, Peru e Uruguai com inova\u00e7\u00e3o e lideran\u00e7a.","robots":{"index":"index","follow":"follow","max-snippet":"max-snippet:-1","max-image-preview":"max-image-preview:large","max-video-preview":"max-video-preview:-1"},"canonical":"https:\/\/evertectrends.com\/pt-br\/sergio-manero-e-nomeado-strategic-partnership-manager\/","og_locale":"pt_BR","og_type":"article","og_title":"Sergio Manero, novo Strategic Partnership Manager - Evertec Trends","og_description":"Evertec nomeia Sergio Manero Strategic Partnership Manager para fortalecer parcerias no Chile, Peru e Uruguai com inova\u00e7\u00e3o e lideran\u00e7a.","og_url":"https:\/\/evertectrends.com\/pt-br\/sergio-manero-e-nomeado-strategic-partnership-manager\/","og_site_name":"Evertec Trends","article_published_time":"2024-01-02T15:15:48+00:00","og_image":[{"width":1200,"height":620,"url":"https:\/\/evertectrends.com\/wp-content\/uploads\/2025\/07\/Sergio-Manero-nuevo-Strategic-Partnership-Manager-1.jpg","type":"image\/jpeg"}],"author":"Evertec Trends","twitter_card":"summary_large_image","twitter_misc":{"Escrito por":"Evertec Trends","Est. tempo de leitura":"1 minuto"},"schema":{"@context":"https:\/\/schema.org","@graph":[{"@type":"Article","@id":"https:\/\/evertectrends.com\/pt-br\/sergio-manero-e-nomeado-strategic-partnership-manager\/#article","isPartOf":{"@id":"https:\/\/evertectrends.com\/pt-br\/sergio-manero-e-nomeado-strategic-partnership-manager\/"},"author":{"name":"Evertec Trends","@id":"https:\/\/evertectrends.com\/#\/schema\/person\/07899642d9e4667697b7b0463442d054"},"headline":"Sergio Manero \u00e9 nomeado Strategic Partnership Manager","datePublished":"2024-01-02T15:15:48+00:00","mainEntityOfPage":{"@id":"https:\/\/evertectrends.com\/pt-br\/sergio-manero-e-nomeado-strategic-partnership-manager\/"},"wordCount":200,"commentCount":0,"publisher":{"@id":"https:\/\/evertectrends.com\/#organization"},"image":{"@id":"https:\/\/evertectrends.com\/pt-br\/sergio-manero-e-nomeado-strategic-partnership-manager\/#primaryimage"},"thumbnailUrl":"https:\/\/evertectrends.com\/wp-content\/uploads\/2025\/07\/Sergio-Manero-nuevo-Strategic-Partnership-Manager-1.jpg","keywords":["crescimento empresarial","Evertec","inova\u00e7\u00e3o tecnol\u00f3gica","lideran\u00e7a financeira","mercado latino-americano","parcerias estrat\u00e9gicas","sector fintech","Sergio Manero","Strategic Partnership Manager","tecnologia financeira"],"inLanguage":"pt-BR","potentialAction":[{"@type":"CommentAction","name":"Comment","target":["https:\/\/evertectrends.com\/pt-br\/sergio-manero-e-nomeado-strategic-partnership-manager\/#respond"]}]},{"@type":"WebPage","@id":"https:\/\/evertectrends.com\/pt-br\/sergio-manero-e-nomeado-strategic-partnership-manager\/","url":"https:\/\/evertectrends.com\/pt-br\/sergio-manero-e-nomeado-strategic-partnership-manager\/","name":"Sergio Manero, novo Strategic Partnership Manager - Evertec Trends","isPartOf":{"@id":"https:\/\/evertectrends.com\/#website"},"primaryImageOfPage":{"@id":"https:\/\/evertectrends.com\/pt-br\/sergio-manero-e-nomeado-strategic-partnership-manager\/#primaryimage"},"image":{"@id":"https:\/\/evertectrends.com\/pt-br\/sergio-manero-e-nomeado-strategic-partnership-manager\/#primaryimage"},"thumbnailUrl":"https:\/\/evertectrends.com\/wp-content\/uploads\/2025\/07\/Sergio-Manero-nuevo-Strategic-Partnership-Manager-1.jpg","datePublished":"2024-01-02T15:15:48+00:00","description":"Evertec nomeia Sergio Manero Strategic Partnership Manager para fortalecer parcerias no Chile, Peru e Uruguai com inova\u00e7\u00e3o e lideran\u00e7a.","breadcrumb":{"@id":"https:\/\/evertectrends.com\/pt-br\/sergio-manero-e-nomeado-strategic-partnership-manager\/#breadcrumb"},"inLanguage":"pt-BR","potentialAction":[{"@type":"ReadAction","target":["https:\/\/evertectrends.com\/pt-br\/sergio-manero-e-nomeado-strategic-partnership-manager\/"]}]},{"@type":"ImageObject","inLanguage":"pt-BR","@id":"https:\/\/evertectrends.com\/pt-br\/sergio-manero-e-nomeado-strategic-partnership-manager\/#primaryimage","url":"https:\/\/evertectrends.com\/wp-content\/uploads\/2025\/07\/Sergio-Manero-nuevo-Strategic-Partnership-Manager-1.jpg","contentUrl":"https:\/\/evertectrends.com\/wp-content\/uploads\/2025\/07\/Sergio-Manero-nuevo-Strategic-Partnership-Manager-1.jpg","width":1200,"height":620},{"@type":"BreadcrumbList","@id":"https:\/\/evertectrends.com\/pt-br\/sergio-manero-e-nomeado-strategic-partnership-manager\/#breadcrumb","itemListElement":[{"@type":"ListItem","position":1,"name":"Home","item":"https:\/\/evertectrends.com\/pt-br\/"},{"@type":"ListItem","position":2,"name":"Sem categoria","item":"https:\/\/evertectrends.com\/categorias\/sem-categoria\/"},{"@type":"ListItem","position":3,"name":"Sergio Manero \u00e9 nomeado Strategic Partnership Manager"}]},{"@type":"WebSite","@id":"https:\/\/evertectrends.com\/#website","url":"https:\/\/evertectrends.com\/","name":"Evertec Trends","description":"As tend\u00eancias de tecnologia para inovar com estrat\u00e9gia","publisher":{"@id":"https:\/\/evertectrends.com\/#organization"},"potentialAction":[{"@type":"SearchAction","target":{"@type":"EntryPoint","urlTemplate":"https:\/\/evertectrends.com\/?s={search_term_string}"},"query-input":{"@type":"PropertyValueSpecification","valueRequired":true,"valueName":"search_term_string"}}],"inLanguage":"pt-BR"},{"@type":"Organization","@id":"https:\/\/evertectrends.com\/#organization","name":"Evertec Trends","url":"https:\/\/evertectrends.com\/","logo":{"@type":"ImageObject","inLanguage":"pt-BR","@id":"https:\/\/evertectrends.com\/#\/schema\/logo\/image\/","url":"https:\/\/evertectrends.com\/wp-content\/uploads\/2024\/06\/evertectrends-sq.png","contentUrl":"https:\/\/evertectrends.com\/wp-content\/uploads\/2024\/06\/evertectrends-sq.png","width":416,"height":417,"caption":"Evertec Trends"},"image":{"@id":"https:\/\/evertectrends.com\/#\/schema\/logo\/image\/"}},{"@type":"Person","@id":"https:\/\/evertectrends.com\/#\/schema\/person\/07899642d9e4667697b7b0463442d054","name":"Evertec Trends","image":{"@type":"ImageObject","inLanguage":"pt-BR","@id":"https:\/\/secure.gravatar.com\/avatar\/f46217c56c100deb166f67953efa3f81077701bca98a102e48544095d631803d?s=96&d=robohash&r=g","url":"https:\/\/secure.gravatar.com\/avatar\/f46217c56c100deb166f67953efa3f81077701bca98a102e48544095d631803d?s=96&d=robohash&r=g","contentUrl":"https:\/\/secure.gravatar.com\/avatar\/f46217c56c100deb166f67953efa3f81077701bca98a102e48544095d631803d?s=96&d=robohash&r=g","caption":"Evertec Trends"},"description":"Mais que um portal de conte\u00fados, um ponto de encontro para quem quer desvendar o setor financeiro.","sameAs":["https:\/\/www.instagram.com\/evertecinc","https:\/\/www.linkedin.com\/company\/evertec\/"],"url":"https:\/\/evertectrends.com\/pt-br\/author\/evertectrends\/"}]}},"featured_image_url":"https:\/\/evertectrends.com\/wp-content\/uploads\/2025\/07\/Sergio-Manero-nuevo-Strategic-Partnership-Manager-1.jpg","primary_category":null,"_links":{"self":[{"href":"https:\/\/evertectrends.com\/pt-br\/wp-json\/wp\/v2\/posts\/71717","targetHints":{"allow":["GET"]}}],"collection":[{"href":"https:\/\/evertectrends.com\/pt-br\/wp-json\/wp\/v2\/posts"}],"about":[{"href":"https:\/\/evertectrends.com\/pt-br\/wp-json\/wp\/v2\/types\/post"}],"author":[{"embeddable":true,"href":"https:\/\/evertectrends.com\/pt-br\/wp-json\/wp\/v2\/users\/9"}],"replies":[{"embeddable":true,"href":"https:\/\/evertectrends.com\/pt-br\/wp-json\/wp\/v2\/comments?post=71717"}],"version-history":[{"count":0,"href":"https:\/\/evertectrends.com\/pt-br\/wp-json\/wp\/v2\/posts\/71717\/revisions"}],"wp:featuredmedia":[{"embeddable":true,"href":"https:\/\/evertectrends.com\/pt-br\/wp-json\/wp\/v2\/media\/68508"}],"wp:attachment":[{"href":"https:\/\/evertectrends.com\/pt-br\/wp-json\/wp\/v2\/media?parent=71717"}],"wp:term":[{"taxonomy":"category","embeddable":true,"href":"https:\/\/evertectrends.com\/pt-br\/wp-json\/wp\/v2\/categories?post=71717"},{"taxonomy":"post_tag","embeddable":true,"href":"https:\/\/evertectrends.com\/pt-br\/wp-json\/wp\/v2\/tags?post=71717"}],"curies":[{"name":"wp","href":"https:\/\/api.w.org\/{rel}","templated":true}]}}