{"id":71226,"date":"2021-08-31T18:05:00","date_gmt":"2025-08-12T14:42:45","guid":{"rendered":"https:\/\/evertectrends.com\/black-friday-e-suas-oportunidades-para-o-setor-varejista\/"},"modified":"2025-08-14T11:18:07","modified_gmt":"2025-08-14T14:18:07","slug":"black-friday-e-suas-oportunidades-para-o-setor-varejista","status":"publish","type":"post","link":"https:\/\/evertectrends.com\/pt-br\/black-friday-e-suas-oportunidades-para-o-setor-varejista\/","title":{"rendered":"Black Friday e suas oportunidades para o setor varejista"},"content":{"rendered":"\n<p>Ainda faltam alguns meses para a Black Friday, mas o varejo j\u00e1 est\u00e1 em aquecimento para a data, que j\u00e1 se tornou uma tradi\u00e7\u00e3o aqui no Brasil. Seguindo as tend\u00eancias do ano anterior, a Black Friday de 2021 deve permanecer com foco nas compras pela internet e com poucas filas e aglomera\u00e7\u00f5es no com\u00e9rcio f\u00edsico. Isso porque, em 2020, a data surpreendeu varejistas ao ignorar a crise instaurada pela pandemia e registrar um salto de 31% em seu faturamento. N\u00e3o por acaso, no ano passado, o e-commerce avan\u00e7ou 41% e faturou R$87,4 milh\u00f5es, a maior alta em 13 anos.&nbsp;<\/p>\n\n\n\n<p>Por ser uma data de intensa movimenta\u00e7\u00e3o no com\u00e9rcio, estar preparado para oferecer as melhores oportunidades de compra aos consumidores \u00e9 essencial para qualquer empresa varejista. Principalmente porque, com a acelera\u00e7\u00e3o das compras online, o perfil do consumidor sofreu altera\u00e7\u00f5es, tornando-se mais exigente e antenado. Uma das grandes tend\u00eancias para esse ano, inclusive, \u00e9 a compara\u00e7\u00e3o de pre\u00e7os e a busca pelas melhores formas de pagamento, que se tornam mais vi\u00e1veis e r\u00e1pidas na internet. Uma pesquisa elaborada e divulgada pela <a href=\"https:\/\/g1.globo.com\/economia\/midia-e-marketing\/noticia\/2021\/06\/14\/experiencia-de-compra-e-condicoes-de-pagamento-sao-decisivos-na-black-friday-diz-pesquisa.ghtml\">Globo<\/a> em junho deste ano comprova isso, ao mostrar que a experi\u00eancia de compra e condi\u00e7\u00f5es de pagamento s\u00e3o decisivos na Black Friday.&nbsp;<\/p>\n\n\n\n<p>Por isso, a prepara\u00e7\u00e3o n\u00e3o deve se limitar \u00e0s promo\u00e7\u00f5es e aos produtos. A paySmart preparou este artigo para ajudar a sua empresa a chegar preparada na Black Friday e oferecer exatamente o que o consumidor procura.<\/p>\n\n\n\n<h2 class=\"wp-block-heading\" id=\"h-novas-tend-ncias-para-2021\">Novas tend\u00eancias para 2021<\/h2>\n\n\n\n<p>A sexta-feira de Black Friday \u00e9, sem d\u00favidas, o dia mais importante para a campanha, mas, no Brasil, j\u00e1 virou tradi\u00e7\u00e3o realizar a campanha em mais de um dia, podendo come\u00e7ar antes da data ou se estendendo pelos dias posteriores. Esse tipo de a\u00e7\u00e3o deve seguir em alta neste ano, j\u00e1 que o com\u00e9rcio, seja f\u00edsico ou online, ainda tenta se recuperar da crise causada pela pandemia de Covid-19. A ideia \u00e9 justamente manter o varejo aquecido por mais tempo. Normalmente, quem opta por essa estrat\u00e9gia, garante que as maiores promo\u00e7\u00f5es fiquem para sexta-feira, mas utiliza a pr\u00e1tica como margem para conquistar os resultados esperados.&nbsp;<\/p>\n\n\n\n<p>Outra tend\u00eancia s\u00e3o as campanhas de marketing antecipadas. Manter uma base de leads \u00e9 fundamental para qualquer empresa nos dias de hoje. No varejo, por exemplo, \u00e9 uma ferramenta interessante para conhecer o seu p\u00fablico, desde o cliente fiel at\u00e9 os potenciais clientes. Com esta base, \u00e9 poss\u00edvel criar estrat\u00e9gias focadas em cada um deles e dialogar de acordo com o perfil espec\u00edfico. A comunica\u00e7\u00e3o com anteced\u00eancia e um di\u00e1logo constante \u00e9 utilizada por muitas empresas para manter a transpar\u00eancia em suas ofertas e fazer com que o consumidor lembre-se delas no dia da Black Friday. Tamb\u00e9m \u00e9 uma maneira de criar uma experi\u00eancia de compra diferente para seus clientes, com um di\u00e1logo mais pessoal desde o primeiro contato at\u00e9 a finaliza\u00e7\u00e3o da compra.<\/p>\n\n\n\n<p>O que tamb\u00e9m est\u00e1 em alta com os novos h\u00e1bitos do consumidor \u00e9 a oferta de m\u00faltiplas condi\u00e7\u00f5es de pagamento. Essa pr\u00e1tica deve fazer muita diferen\u00e7a nesta Black Friday. Segundo a pesquisa realizada pela Globo, o consumidor d\u00e1 prefer\u00eancia \u00e0s lojas que oferecem diversas op\u00e7\u00f5es de pagamento. Claro que boleto, cart\u00e3o de cr\u00e9dito e pagamentos \u00e0 vista ainda s\u00e3o os mais comuns, mas com a atual realidade financeira dos brasileiros, inovar \u00e9 fundamental.&nbsp;<\/p>\n\n\n\n<p>H\u00e1 diversas op\u00e7\u00f5es, dentre cart\u00f5es de d\u00e9bito, aplicativos de pagamento, oferecer <a href=\"https:\/\/paysmart.com.br\/artigos\/cashback-o-que-e-e-como-implementar-no-seu-negocio\/\">cashback<\/a>, disponibilizar pagamento via PIX, etc. \u00c9 preciso ver qual se encaixa melhor em seu neg\u00f3cio, j\u00e1 que sua log\u00edstica precisa estar preparada para lidar com cada um destes meios.&nbsp;<\/p>\n\n\n\n<p>O <a href=\"https:\/\/paysmart.com.br\/artigos\/dia-do-consumidor\/\">crescimento das carteiras digitais<\/a> tamb\u00e9m pode ajudar a impulsionar as vendas do setor na Black Friday em 2021. Segundo o relat\u00f3rio The Global Payments Reports, as e-wallets cresceram 43,5% em resposta \u00e0 pandemia, somente na Am\u00e9rica Latina. Empresas que se mostram adeptas aos modelos de pagamentos digitais e exclusivos, t\u00eam apresentado resultados positivos e&nbsp; alinhados \u00e0s tend\u00eancias do mercado.&nbsp;<\/p>\n\n\n\n<p>Outra op\u00e7\u00e3o s\u00e3o os cart\u00f5es pr\u00e9-pagos, que tem se popularizado bastante. No segundo trimestre deste ano, por exemplo, foi a modalidade que mais registrou crescimento, superando as taxas registradas antes da pandemia, quando j\u00e1 apresentava forte desempenho. <a href=\"https:\/\/api.abecs.org.br\/wp-content\/uploads\/2021\/08\/Apresenta%C3%A7%C3%A3o-2T21.pdf\">Segundo o relat\u00f3rio da ABECS<\/a>, associa\u00e7\u00e3o que representa as empresas de meios eletr\u00f4nicos de pagamento, o valor transacionado com cart\u00f5es pr\u00e9-pagos cresceu 214,3%, enquanto o n\u00famero total de transa\u00e7\u00f5es realizadas subiu 285%.<\/p>\n\n\n\n<h2 class=\"wp-block-heading\" id=\"h-diversifique-os-meios-de-pagamento\">Diversifique os meios de pagamento<\/h2>\n\n\n\n<p>Se voc\u00ea \u00e9 varejista, a paySmart pode ajudar a potencializar seu neg\u00f3cio com novas solu\u00e7\u00f5es de meios de pagamento. A nossa solu\u00e7\u00e3o <a href=\"https:\/\/paysmart.com.br\/solucoes\/bin-sponsor\/\">BIN Sponsor<\/a> permite que empresas emitam cart\u00f5es de maneira f\u00e1cil e sem burocracia com uma plataforma flex\u00edvel e que se conecta ao ecossistema global de pagamentos em pouqu\u00edssimo tempo. Se conectando a nossa tecnologia, sua empresa pode emitir e processar cart\u00f5es pr\u00e9-pagos com flexibilidade, simplicidade e com uma integra\u00e7\u00e3o r\u00e1pida. A vantagem \u00e9 um cart\u00e3o bandeirado e personalizado com a sua identidade. A solu\u00e7\u00e3o que tamb\u00e9m garante mais controle para sua empresa, criando segmentos de produtos espec\u00edficos de acordo com sua necessidade.&nbsp;<\/p>\n\n\n\n<p>Quer entender mais como funciona o BIN Sponsor? Explicamos tudo neste artigo:\u00a0<\/p>\n\n\n\n<figure class=\"wp-block-image size-large is-resized\"><a href=\"https:\/\/paysmart.com.br\/artigos\/bin-sponsor-uma-oportunidade-para-entrar-no-mercado-de-meios-de-pagamento\/ \"><img fetchpriority=\"high\" decoding=\"async\" src=\"https:\/\/paysmart.com.br\/wp-content\/uploads\/2021\/06\/BIN_Sponsor_paySmart_JULHO.png\" alt=\"\" class=\"wp-image-27927\" width=\"573\" height=\"300\"\/><\/a><\/figure>\n\n\n\n<p>&#8212;<\/p>\n\n\n\n<p><em>Gostou deste artigo? Se inscreva em nossa newsletter para receber mensalmente conte\u00fados como este. Nos acompanhe em nossas redes sociais para n\u00e3o perder nenhuma postagem.&nbsp;<\/em><\/p>\n\n\n\n<p><strong>Leia tamb\u00e9m<\/strong>:<\/p>\n\n\n\n<ul class=\"wp-block-list\"><li><a href=\"https:\/\/paysmart.com.br\/artigos\/tendencias-e-meios-de-pagamento-que-podem-potencializar-o-crescimento-de-atacados-e-varejos\/\">Tend\u00eancias e meios de pagamento que podem potencializar o crescimento de atacados e varejos<\/a><\/li><li><a href=\"https:\/\/paysmart.com.br\/artigos\/tipos-de-cartoes-e-suas-funcionalidades\/\">Tipos de cart\u00f5es e suas funcionalidades&nbsp;<\/a><\/li><li><a href=\"https:\/\/paysmart.com.br\/artigos\/nfc-a-tecnologia-e-a-seguranca-do-meio-de-pagamento\/\">NFC: a tecnologia e a seguran\u00e7a do meio de pagamento&nbsp;<\/a><\/li><\/ul>\n","protected":false},"excerpt":{"rendered":"<p>Ainda faltam alguns meses para a Black Friday, mas o varejo j\u00e1 est\u00e1 em aquecimento para a data, que j\u00e1 se tornou uma tradi\u00e7\u00e3o aqui no Brasil. Seguindo as tend\u00eancias do ano anterior, a Black Friday de 2021 deve permanecer com foco nas compras pela internet e com poucas filas e aglomera\u00e7\u00f5es no com\u00e9rcio f\u00edsico. [&hellip;]<\/p>\n","protected":false},"author":44,"featured_media":71319,"comment_status":"closed","ping_status":"open","sticky":false,"template":"","format":"standard","meta":{"footnotes":""},"categories":[2633,999],"tags":[],"class_list":["post-71226","post","type-post","status-publish","format-standard","has-post-thumbnail","hentry","category-comercio-e-varejo","category-meios-de-pagamentos"],"yoast_head":"<!-- This site is optimized with the Yoast SEO plugin v27.5 - https:\/\/yoast.com\/product\/yoast-seo-wordpress\/ -->\n<title>Black Friday e suas oportunidades para o setor varejista - Evertec Trends<\/title>\n<meta name=\"description\" content=\"Ainda faltam alguns meses para a Black Friday, mas o varejo j\u00e1 est\u00e1 em aquecimento para a data, que j\u00e1 se tornou uma tradi\u00e7\u00e3o aqui no Brasil. Seguindo as tend\u00eancias do ano anterior, a Black Friday de 2021 deve permanecer com foco nas compras pela internet e com poucas filas e aglomera\u00e7\u00f5es no com\u00e9rcio f\u00edsico. Isso porque, em 2020, a data surpreendeu varejistas ao ignorar a crise instaurada pela pandemia e registrar um salto de 31% em seu faturamento. N\u00e3o por acaso, no ano passado, o e-commerce avan\u00e7ou 41% e faturou R$87,4 milh\u00f5es, a maior alta em 13 anos.\" \/>\n<meta name=\"robots\" content=\"index, follow, max-snippet:-1, max-image-preview:large, max-video-preview:-1\" \/>\n<link rel=\"canonical\" href=\"https:\/\/evertectrends.com\/pt-br\/black-friday-e-suas-oportunidades-para-o-setor-varejista\/\" \/>\n<meta property=\"og:locale\" content=\"pt_BR\" \/>\n<meta property=\"og:type\" content=\"article\" \/>\n<meta property=\"og:title\" content=\"Black Friday e suas oportunidades para o setor varejista - Evertec Trends\" \/>\n<meta property=\"og:description\" content=\"Ainda faltam alguns meses para a Black Friday, mas o varejo j\u00e1 est\u00e1 em aquecimento para a data, que j\u00e1 se tornou uma tradi\u00e7\u00e3o aqui no Brasil. Seguindo as tend\u00eancias do ano anterior, a Black Friday de 2021 deve permanecer com foco nas compras pela internet e com poucas filas e aglomera\u00e7\u00f5es no com\u00e9rcio f\u00edsico. Isso porque, em 2020, a data surpreendeu varejistas ao ignorar a crise instaurada pela pandemia e registrar um salto de 31% em seu faturamento. N\u00e3o por acaso, no ano passado, o e-commerce avan\u00e7ou 41% e faturou R$87,4 milh\u00f5es, a maior alta em 13 anos.\" \/>\n<meta property=\"og:url\" content=\"https:\/\/evertectrends.com\/pt-br\/black-friday-e-suas-oportunidades-para-o-setor-varejista\/\" \/>\n<meta property=\"og:site_name\" content=\"Evertec Trends\" \/>\n<meta property=\"article:published_time\" content=\"2025-08-12T14:42:45+00:00\" \/>\n<meta property=\"article:modified_time\" content=\"2025-08-14T14:18:07+00:00\" \/>\n<meta property=\"og:image\" content=\"https:\/\/evertectrends.com\/wp-content\/uploads\/2025\/08\/BIN_Sponsor_paySmart_JULHO-1.png\" \/>\n\t<meta property=\"og:image:width\" content=\"1200\" \/>\n\t<meta property=\"og:image:height\" content=\"628\" \/>\n\t<meta property=\"og:image:type\" content=\"image\/png\" \/>\n<meta name=\"author\" content=\"paysmart\" \/>\n<meta name=\"twitter:card\" content=\"summary_large_image\" \/>\n<meta name=\"twitter:label1\" content=\"Escrito por\" \/>\n\t<meta name=\"twitter:data1\" content=\"paysmart\" \/>\n\t<meta name=\"twitter:label2\" content=\"Est. tempo de leitura\" \/>\n\t<meta name=\"twitter:data2\" content=\"5 minutos\" \/>\n<script type=\"application\/ld+json\" class=\"yoast-schema-graph\">{\"@context\":\"https:\\\/\\\/schema.org\",\"@graph\":[{\"@type\":\"Article\",\"@id\":\"https:\\\/\\\/evertectrends.com\\\/pt-br\\\/black-friday-e-suas-oportunidades-para-o-setor-varejista\\\/#article\",\"isPartOf\":{\"@id\":\"https:\\\/\\\/evertectrends.com\\\/pt-br\\\/black-friday-e-suas-oportunidades-para-o-setor-varejista\\\/\"},\"author\":{\"name\":\"paysmart\",\"@id\":\"https:\\\/\\\/evertectrends.com\\\/#\\\/schema\\\/person\\\/5904f405f5a531c9fa26b00e0335649f\"},\"headline\":\"Black Friday e suas oportunidades para o setor varejista\",\"datePublished\":\"2025-08-12T14:42:45+00:00\",\"dateModified\":\"2025-08-14T14:18:07+00:00\",\"mainEntityOfPage\":{\"@id\":\"https:\\\/\\\/evertectrends.com\\\/pt-br\\\/black-friday-e-suas-oportunidades-para-o-setor-varejista\\\/\"},\"wordCount\":989,\"publisher\":{\"@id\":\"https:\\\/\\\/evertectrends.com\\\/#organization\"},\"image\":{\"@id\":\"https:\\\/\\\/evertectrends.com\\\/pt-br\\\/black-friday-e-suas-oportunidades-para-o-setor-varejista\\\/#primaryimage\"},\"thumbnailUrl\":\"https:\\\/\\\/evertectrends.com\\\/wp-content\\\/uploads\\\/2025\\\/08\\\/BIN_Sponsor_paySmart_JULHO-1.png\",\"articleSection\":[\"Com\u00e9rcio e Varejo\",\"Meios de Pagamentos\"],\"inLanguage\":\"pt-BR\"},{\"@type\":\"WebPage\",\"@id\":\"https:\\\/\\\/evertectrends.com\\\/pt-br\\\/black-friday-e-suas-oportunidades-para-o-setor-varejista\\\/\",\"url\":\"https:\\\/\\\/evertectrends.com\\\/pt-br\\\/black-friday-e-suas-oportunidades-para-o-setor-varejista\\\/\",\"name\":\"Black Friday e suas oportunidades para o setor varejista - Evertec Trends\",\"isPartOf\":{\"@id\":\"https:\\\/\\\/evertectrends.com\\\/#website\"},\"primaryImageOfPage\":{\"@id\":\"https:\\\/\\\/evertectrends.com\\\/pt-br\\\/black-friday-e-suas-oportunidades-para-o-setor-varejista\\\/#primaryimage\"},\"image\":{\"@id\":\"https:\\\/\\\/evertectrends.com\\\/pt-br\\\/black-friday-e-suas-oportunidades-para-o-setor-varejista\\\/#primaryimage\"},\"thumbnailUrl\":\"https:\\\/\\\/evertectrends.com\\\/wp-content\\\/uploads\\\/2025\\\/08\\\/BIN_Sponsor_paySmart_JULHO-1.png\",\"datePublished\":\"2025-08-12T14:42:45+00:00\",\"dateModified\":\"2025-08-14T14:18:07+00:00\",\"description\":\"Ainda faltam alguns meses para a Black Friday, mas o varejo j\u00e1 est\u00e1 em aquecimento para a data, que j\u00e1 se tornou uma tradi\u00e7\u00e3o aqui no Brasil. Seguindo as tend\u00eancias do ano anterior, a Black Friday de 2021 deve permanecer com foco nas compras pela internet e com poucas filas e aglomera\u00e7\u00f5es no com\u00e9rcio f\u00edsico. Isso porque, em 2020, a data surpreendeu varejistas ao ignorar a crise instaurada pela pandemia e registrar um salto de 31% em seu faturamento. N\u00e3o por acaso, no ano passado, o e-commerce avan\u00e7ou 41% e faturou R$87,4 milh\u00f5es, a maior alta em 13 anos.\",\"breadcrumb\":{\"@id\":\"https:\\\/\\\/evertectrends.com\\\/pt-br\\\/black-friday-e-suas-oportunidades-para-o-setor-varejista\\\/#breadcrumb\"},\"inLanguage\":\"pt-BR\",\"potentialAction\":[{\"@type\":\"ReadAction\",\"target\":[\"https:\\\/\\\/evertectrends.com\\\/pt-br\\\/black-friday-e-suas-oportunidades-para-o-setor-varejista\\\/\"]}]},{\"@type\":\"ImageObject\",\"inLanguage\":\"pt-BR\",\"@id\":\"https:\\\/\\\/evertectrends.com\\\/pt-br\\\/black-friday-e-suas-oportunidades-para-o-setor-varejista\\\/#primaryimage\",\"url\":\"https:\\\/\\\/evertectrends.com\\\/wp-content\\\/uploads\\\/2025\\\/08\\\/BIN_Sponsor_paySmart_JULHO-1.png\",\"contentUrl\":\"https:\\\/\\\/evertectrends.com\\\/wp-content\\\/uploads\\\/2025\\\/08\\\/BIN_Sponsor_paySmart_JULHO-1.png\",\"width\":1200,\"height\":628,\"caption\":\"Carteira Digital White Label\"},{\"@type\":\"BreadcrumbList\",\"@id\":\"https:\\\/\\\/evertectrends.com\\\/pt-br\\\/black-friday-e-suas-oportunidades-para-o-setor-varejista\\\/#breadcrumb\",\"itemListElement\":[{\"@type\":\"ListItem\",\"position\":1,\"name\":\"Home\",\"item\":\"https:\\\/\\\/evertectrends.com\\\/pt-br\\\/\"},{\"@type\":\"ListItem\",\"position\":2,\"name\":\"Com\u00e9rcio e Varejo\",\"item\":\"https:\\\/\\\/evertectrends.com\\\/pt-br\\\/categorias\\\/comercio-e-varejo\\\/\"},{\"@type\":\"ListItem\",\"position\":3,\"name\":\"Black Friday e suas oportunidades para o setor varejista\"}]},{\"@type\":\"WebSite\",\"@id\":\"https:\\\/\\\/evertectrends.com\\\/#website\",\"url\":\"https:\\\/\\\/evertectrends.com\\\/\",\"name\":\"Evertec Trends\",\"description\":\"As tend\u00eancias de tecnologia para inovar com estrat\u00e9gia\",\"publisher\":{\"@id\":\"https:\\\/\\\/evertectrends.com\\\/#organization\"},\"potentialAction\":[{\"@type\":\"SearchAction\",\"target\":{\"@type\":\"EntryPoint\",\"urlTemplate\":\"https:\\\/\\\/evertectrends.com\\\/?s={search_term_string}\"},\"query-input\":{\"@type\":\"PropertyValueSpecification\",\"valueRequired\":true,\"valueName\":\"search_term_string\"}}],\"inLanguage\":\"pt-BR\"},{\"@type\":\"Organization\",\"@id\":\"https:\\\/\\\/evertectrends.com\\\/#organization\",\"name\":\"Evertec Trends\",\"url\":\"https:\\\/\\\/evertectrends.com\\\/\",\"logo\":{\"@type\":\"ImageObject\",\"inLanguage\":\"pt-BR\",\"@id\":\"https:\\\/\\\/evertectrends.com\\\/#\\\/schema\\\/logo\\\/image\\\/\",\"url\":\"https:\\\/\\\/evertectrends.com\\\/wp-content\\\/uploads\\\/2024\\\/06\\\/evertectrends-sq.png\",\"contentUrl\":\"https:\\\/\\\/evertectrends.com\\\/wp-content\\\/uploads\\\/2024\\\/06\\\/evertectrends-sq.png\",\"width\":416,\"height\":417,\"caption\":\"Evertec Trends\"},\"image\":{\"@id\":\"https:\\\/\\\/evertectrends.com\\\/#\\\/schema\\\/logo\\\/image\\\/\"}},{\"@type\":\"Person\",\"@id\":\"https:\\\/\\\/evertectrends.com\\\/#\\\/schema\\\/person\\\/5904f405f5a531c9fa26b00e0335649f\",\"name\":\"paysmart\",\"image\":{\"@type\":\"ImageObject\",\"inLanguage\":\"pt-BR\",\"@id\":\"https:\\\/\\\/secure.gravatar.com\\\/avatar\\\/5ed70b26967f727ce36fcbdfa8174b150dc5fcd22c9aea43326eca60789bf01a?s=96&d=robohash&r=g\",\"url\":\"https:\\\/\\\/secure.gravatar.com\\\/avatar\\\/5ed70b26967f727ce36fcbdfa8174b150dc5fcd22c9aea43326eca60789bf01a?s=96&d=robohash&r=g\",\"contentUrl\":\"https:\\\/\\\/secure.gravatar.com\\\/avatar\\\/5ed70b26967f727ce36fcbdfa8174b150dc5fcd22c9aea43326eca60789bf01a?s=96&d=robohash&r=g\",\"caption\":\"paysmart\"},\"url\":\"https:\\\/\\\/evertectrends.com\\\/pt-br\\\/author\\\/paysmart\\\/\"}]}<\/script>\n<!-- \/ Yoast SEO plugin. -->","yoast_head_json":{"title":"Black Friday e suas oportunidades para o setor varejista - Evertec Trends","description":"Ainda faltam alguns meses para a Black Friday, mas o varejo j\u00e1 est\u00e1 em aquecimento para a data, que j\u00e1 se tornou uma tradi\u00e7\u00e3o aqui no Brasil. Seguindo as tend\u00eancias do ano anterior, a Black Friday de 2021 deve permanecer com foco nas compras pela internet e com poucas filas e aglomera\u00e7\u00f5es no com\u00e9rcio f\u00edsico. Isso porque, em 2020, a data surpreendeu varejistas ao ignorar a crise instaurada pela pandemia e registrar um salto de 31% em seu faturamento. N\u00e3o por acaso, no ano passado, o e-commerce avan\u00e7ou 41% e faturou R$87,4 milh\u00f5es, a maior alta em 13 anos.","robots":{"index":"index","follow":"follow","max-snippet":"max-snippet:-1","max-image-preview":"max-image-preview:large","max-video-preview":"max-video-preview:-1"},"canonical":"https:\/\/evertectrends.com\/pt-br\/black-friday-e-suas-oportunidades-para-o-setor-varejista\/","og_locale":"pt_BR","og_type":"article","og_title":"Black Friday e suas oportunidades para o setor varejista - Evertec Trends","og_description":"Ainda faltam alguns meses para a Black Friday, mas o varejo j\u00e1 est\u00e1 em aquecimento para a data, que j\u00e1 se tornou uma tradi\u00e7\u00e3o aqui no Brasil. Seguindo as tend\u00eancias do ano anterior, a Black Friday de 2021 deve permanecer com foco nas compras pela internet e com poucas filas e aglomera\u00e7\u00f5es no com\u00e9rcio f\u00edsico. Isso porque, em 2020, a data surpreendeu varejistas ao ignorar a crise instaurada pela pandemia e registrar um salto de 31% em seu faturamento. N\u00e3o por acaso, no ano passado, o e-commerce avan\u00e7ou 41% e faturou R$87,4 milh\u00f5es, a maior alta em 13 anos.","og_url":"https:\/\/evertectrends.com\/pt-br\/black-friday-e-suas-oportunidades-para-o-setor-varejista\/","og_site_name":"Evertec Trends","article_published_time":"2025-08-12T14:42:45+00:00","article_modified_time":"2025-08-14T14:18:07+00:00","og_image":[{"width":1200,"height":628,"url":"https:\/\/evertectrends.com\/wp-content\/uploads\/2025\/08\/BIN_Sponsor_paySmart_JULHO-1.png","type":"image\/png"}],"author":"paysmart","twitter_card":"summary_large_image","twitter_misc":{"Escrito por":"paysmart","Est. tempo de leitura":"5 minutos"},"schema":{"@context":"https:\/\/schema.org","@graph":[{"@type":"Article","@id":"https:\/\/evertectrends.com\/pt-br\/black-friday-e-suas-oportunidades-para-o-setor-varejista\/#article","isPartOf":{"@id":"https:\/\/evertectrends.com\/pt-br\/black-friday-e-suas-oportunidades-para-o-setor-varejista\/"},"author":{"name":"paysmart","@id":"https:\/\/evertectrends.com\/#\/schema\/person\/5904f405f5a531c9fa26b00e0335649f"},"headline":"Black Friday e suas oportunidades para o setor varejista","datePublished":"2025-08-12T14:42:45+00:00","dateModified":"2025-08-14T14:18:07+00:00","mainEntityOfPage":{"@id":"https:\/\/evertectrends.com\/pt-br\/black-friday-e-suas-oportunidades-para-o-setor-varejista\/"},"wordCount":989,"publisher":{"@id":"https:\/\/evertectrends.com\/#organization"},"image":{"@id":"https:\/\/evertectrends.com\/pt-br\/black-friday-e-suas-oportunidades-para-o-setor-varejista\/#primaryimage"},"thumbnailUrl":"https:\/\/evertectrends.com\/wp-content\/uploads\/2025\/08\/BIN_Sponsor_paySmart_JULHO-1.png","articleSection":["Com\u00e9rcio e Varejo","Meios de Pagamentos"],"inLanguage":"pt-BR"},{"@type":"WebPage","@id":"https:\/\/evertectrends.com\/pt-br\/black-friday-e-suas-oportunidades-para-o-setor-varejista\/","url":"https:\/\/evertectrends.com\/pt-br\/black-friday-e-suas-oportunidades-para-o-setor-varejista\/","name":"Black Friday e suas oportunidades para o setor varejista - Evertec Trends","isPartOf":{"@id":"https:\/\/evertectrends.com\/#website"},"primaryImageOfPage":{"@id":"https:\/\/evertectrends.com\/pt-br\/black-friday-e-suas-oportunidades-para-o-setor-varejista\/#primaryimage"},"image":{"@id":"https:\/\/evertectrends.com\/pt-br\/black-friday-e-suas-oportunidades-para-o-setor-varejista\/#primaryimage"},"thumbnailUrl":"https:\/\/evertectrends.com\/wp-content\/uploads\/2025\/08\/BIN_Sponsor_paySmart_JULHO-1.png","datePublished":"2025-08-12T14:42:45+00:00","dateModified":"2025-08-14T14:18:07+00:00","description":"Ainda faltam alguns meses para a Black Friday, mas o varejo j\u00e1 est\u00e1 em aquecimento para a data, que j\u00e1 se tornou uma tradi\u00e7\u00e3o aqui no Brasil. Seguindo as tend\u00eancias do ano anterior, a Black Friday de 2021 deve permanecer com foco nas compras pela internet e com poucas filas e aglomera\u00e7\u00f5es no com\u00e9rcio f\u00edsico. Isso porque, em 2020, a data surpreendeu varejistas ao ignorar a crise instaurada pela pandemia e registrar um salto de 31% em seu faturamento. N\u00e3o por acaso, no ano passado, o e-commerce avan\u00e7ou 41% e faturou R$87,4 milh\u00f5es, a maior alta em 13 anos.","breadcrumb":{"@id":"https:\/\/evertectrends.com\/pt-br\/black-friday-e-suas-oportunidades-para-o-setor-varejista\/#breadcrumb"},"inLanguage":"pt-BR","potentialAction":[{"@type":"ReadAction","target":["https:\/\/evertectrends.com\/pt-br\/black-friday-e-suas-oportunidades-para-o-setor-varejista\/"]}]},{"@type":"ImageObject","inLanguage":"pt-BR","@id":"https:\/\/evertectrends.com\/pt-br\/black-friday-e-suas-oportunidades-para-o-setor-varejista\/#primaryimage","url":"https:\/\/evertectrends.com\/wp-content\/uploads\/2025\/08\/BIN_Sponsor_paySmart_JULHO-1.png","contentUrl":"https:\/\/evertectrends.com\/wp-content\/uploads\/2025\/08\/BIN_Sponsor_paySmart_JULHO-1.png","width":1200,"height":628,"caption":"Carteira Digital White Label"},{"@type":"BreadcrumbList","@id":"https:\/\/evertectrends.com\/pt-br\/black-friday-e-suas-oportunidades-para-o-setor-varejista\/#breadcrumb","itemListElement":[{"@type":"ListItem","position":1,"name":"Home","item":"https:\/\/evertectrends.com\/pt-br\/"},{"@type":"ListItem","position":2,"name":"Com\u00e9rcio e Varejo","item":"https:\/\/evertectrends.com\/pt-br\/categorias\/comercio-e-varejo\/"},{"@type":"ListItem","position":3,"name":"Black Friday e suas oportunidades para o setor varejista"}]},{"@type":"WebSite","@id":"https:\/\/evertectrends.com\/#website","url":"https:\/\/evertectrends.com\/","name":"Evertec Trends","description":"As tend\u00eancias de tecnologia para inovar com estrat\u00e9gia","publisher":{"@id":"https:\/\/evertectrends.com\/#organization"},"potentialAction":[{"@type":"SearchAction","target":{"@type":"EntryPoint","urlTemplate":"https:\/\/evertectrends.com\/?s={search_term_string}"},"query-input":{"@type":"PropertyValueSpecification","valueRequired":true,"valueName":"search_term_string"}}],"inLanguage":"pt-BR"},{"@type":"Organization","@id":"https:\/\/evertectrends.com\/#organization","name":"Evertec Trends","url":"https:\/\/evertectrends.com\/","logo":{"@type":"ImageObject","inLanguage":"pt-BR","@id":"https:\/\/evertectrends.com\/#\/schema\/logo\/image\/","url":"https:\/\/evertectrends.com\/wp-content\/uploads\/2024\/06\/evertectrends-sq.png","contentUrl":"https:\/\/evertectrends.com\/wp-content\/uploads\/2024\/06\/evertectrends-sq.png","width":416,"height":417,"caption":"Evertec Trends"},"image":{"@id":"https:\/\/evertectrends.com\/#\/schema\/logo\/image\/"}},{"@type":"Person","@id":"https:\/\/evertectrends.com\/#\/schema\/person\/5904f405f5a531c9fa26b00e0335649f","name":"paysmart","image":{"@type":"ImageObject","inLanguage":"pt-BR","@id":"https:\/\/secure.gravatar.com\/avatar\/5ed70b26967f727ce36fcbdfa8174b150dc5fcd22c9aea43326eca60789bf01a?s=96&d=robohash&r=g","url":"https:\/\/secure.gravatar.com\/avatar\/5ed70b26967f727ce36fcbdfa8174b150dc5fcd22c9aea43326eca60789bf01a?s=96&d=robohash&r=g","contentUrl":"https:\/\/secure.gravatar.com\/avatar\/5ed70b26967f727ce36fcbdfa8174b150dc5fcd22c9aea43326eca60789bf01a?s=96&d=robohash&r=g","caption":"paysmart"},"url":"https:\/\/evertectrends.com\/pt-br\/author\/paysmart\/"}]}},"featured_image_url":"https:\/\/evertectrends.com\/wp-content\/uploads\/2025\/08\/BIN_Sponsor_paySmart_JULHO-1.png","primary_category":"Com\u00e9rcio e Varejo","_links":{"self":[{"href":"https:\/\/evertectrends.com\/pt-br\/wp-json\/wp\/v2\/posts\/71226","targetHints":{"allow":["GET"]}}],"collection":[{"href":"https:\/\/evertectrends.com\/pt-br\/wp-json\/wp\/v2\/posts"}],"about":[{"href":"https:\/\/evertectrends.com\/pt-br\/wp-json\/wp\/v2\/types\/post"}],"author":[{"embeddable":true,"href":"https:\/\/evertectrends.com\/pt-br\/wp-json\/wp\/v2\/users\/44"}],"replies":[{"embeddable":true,"href":"https:\/\/evertectrends.com\/pt-br\/wp-json\/wp\/v2\/comments?post=71226"}],"version-history":[{"count":4,"href":"https:\/\/evertectrends.com\/pt-br\/wp-json\/wp\/v2\/posts\/71226\/revisions"}],"predecessor-version":[{"id":71599,"href":"https:\/\/evertectrends.com\/pt-br\/wp-json\/wp\/v2\/posts\/71226\/revisions\/71599"}],"wp:featuredmedia":[{"embeddable":true,"href":"https:\/\/evertectrends.com\/pt-br\/wp-json\/wp\/v2\/media\/71319"}],"wp:attachment":[{"href":"https:\/\/evertectrends.com\/pt-br\/wp-json\/wp\/v2\/media?parent=71226"}],"wp:term":[{"taxonomy":"category","embeddable":true,"href":"https:\/\/evertectrends.com\/pt-br\/wp-json\/wp\/v2\/categories?post=71226"},{"taxonomy":"post_tag","embeddable":true,"href":"https:\/\/evertectrends.com\/pt-br\/wp-json\/wp\/v2\/tags?post=71226"}],"curies":[{"name":"wp","href":"https:\/\/api.w.org\/{rel}","templated":true}]}}