{"id":5598,"date":"2023-01-27T15:58:35","date_gmt":"2023-01-27T18:58:35","guid":{"rendered":"https:\/\/sinqia.com.br\/?p=5598"},"modified":"2024-05-29T17:24:49","modified_gmt":"2024-05-29T20:24:49","slug":"sinqia-caio-abreu","status":"publish","type":"post","link":"https:\/\/evertectrends.com\/pt-br\/sinqia-caio-abreu\/","title":{"rendered":"\u00c1rea de People deve estar focada no pertencimento do colaborador\u00a0"},"content":{"rendered":"\n<p><em>Caio Abreu, Diretor de People da Sinqia, fala sobre o sucesso das Universidades Corporativas e outras tend\u00eancias do mundo do trabalho para 2023&nbsp;<\/em>&nbsp;<\/p>\n\n\n\n<figure class=\"wp-block-image aligncenter size-full is-resized\"><img fetchpriority=\"high\" decoding=\"async\" src=\"https:\/\/sinqia.com.br\/wp-content\/uploads\/2023\/01\/caio-abreu.jpg\" alt=\"\" class=\"wp-image-5606\" width=\"332\" height=\"442\" \/><figcaption class=\"wp-element-caption\"><em>Caio Abreu, Diretor de People da Sinqia<\/em><\/figcaption><\/figure>\n\n\n\n<p>Em 2022, a <strong>Sinqia<\/strong> conquistou pela quarta vez consecutiva a certifica\u00e7\u00e3o GPTW (Great Place to Work), com sua melhor nota desde que iniciou a participa\u00e7\u00e3o na pesquisa, em 2019. Um dos nomes por tr\u00e1s desse resultado \u00e9 Caio Abreu, Diretor de People da companhia.\u00a0\u00a0<\/p>\n\n\n\n<p>O executivo, que possui mais de 10 anos de experi\u00eancia em posi\u00e7\u00f5es de lideran\u00e7a na \u00e1rea de Recursos Humanos em empresas multinacionais e de tecnologia, foi o respons\u00e1vel pela coordena\u00e7\u00e3o da implementa\u00e7\u00e3o da SinqiaUP, Universidade Corporativa da Sinqia lan\u00e7ada em 2022 e que conquistou grande ader\u00eancia dos colaboradores.&nbsp;<\/p>\n\n\n\n<p>Em entrevista ao blog, Caio Abreu comenta as vantagens da iniciativa, compartilha sua vis\u00e3o sobre outras tend\u00eancias do mundo do trabalho para 2023 e cita fatos marcantes de sua trajet\u00f3ria profissional. Confira!&nbsp;<\/p>\n\n\n\n<p><strong>Como foi a sua trajet\u00f3ria profissional at\u00e9 chegar na Sinqia?<\/strong>&nbsp;<\/p>\n\n\n\n<p>Sou formado em Comunica\u00e7\u00e3o Social, em publicidade e propaganda, mas nunca trabalhei com isso. Assim que eu me formei, na semana que eu ia pegar o meu diploma, passei em um processo seletivo em uma multinacional, para um cargo de coordena\u00e7\u00e3o na \u00e1rea de Log\u00edstica e Financeiro.&nbsp;&nbsp;<\/p>\n\n\n\n<p>Depois de 6 meses, o meu gerente regional me ligou dizendo que o meu nome tinha sido indicado para participar de um processo interno para assumir uma ger\u00eancia na \u00e1rea de Recursos Humanos. Na \u00e9poca eu cheguei a pensar: \u201co que a \u00e1rea de Gest\u00e3o de Pessoas faz de estrat\u00e9gico?\u201d. Afinal, eu era apenas respons\u00e1vel por caminh\u00f5es, entregas, faturamento e seguran\u00e7a no trabalho.&nbsp;<\/p>\n\n\n\n<p>Passei uma semana junto com o time de Gente e Gest\u00e3o, na regional de Bras\u00edlia, constatando o quanto aquela \u00e1rea era estrat\u00e9gica para o neg\u00f3cio. Resolvi aceitar participar do processo seletivo, passei e assim comecei a minha trajet\u00f3ria no RH!&nbsp;<\/p>\n\n\n\n<p>Fui para a filial de Manaus como coordenador de Recrutamento e Sele\u00e7\u00e3o e, em 8 meses, entreguei todas as metas que eu precisava entregar em 1 ano. Fui promovido para a filial de Bel\u00e9m e passei a ser gerente de todos os subsistemas de RH. Passei 2 anos l\u00e1 e fui promovido novamente para atuar em Jo\u00e3o Pessoa, na Para\u00edba.&nbsp;&nbsp;<\/p>\n\n\n\n<p>Aconteceram algumas coisas na minha vida pessoal e comecei a questionar um pouco o ritmo que estava trabalhando. Decidi pedir demiss\u00e3o. Na \u00e9poca, a gerente do DHO (<em>sigla para Desenvolvimento Humano Organizacional<\/em>) da Sinqia, que tamb\u00e9m trabalhou nessa multinacional, me convidou para ser gerente de RH em Belo Horizonte, hav\u00edamos acabado de comprar a ATTPS Inform\u00e1tica, fui para Minas Gerais para ajudar no processo de integra\u00e7\u00e3o da empresa.&nbsp;&nbsp;<\/p>\n\n\n\n<p>Fui respons\u00e1vel por implementar o modelo de Business Partner na \u00e1rea de RH, o que deu super certo. Passei a implementar o mesmo modelo em Curitiba, Florian\u00f3polis e no Rio de Janeiro, at\u00e9 que, em 2019, resolvi aceitar a proposta de trazer o modelo para S\u00e3o Paulo tamb\u00e9m. Em 2021, assumi toda a equipe de People e, em 2022, fui promovido a diretor.&nbsp;<\/p>\n\n\n\n<p><strong>Como voc\u00ea definiria o seu prop\u00f3sito como uma lideran\u00e7a na \u00e1rea de People?<\/strong>&nbsp;<\/p>\n\n\n\n<p>Fazer com que os colaboradores tenham qualidade de vida e pertencimento gerando o engajamento necess\u00e1rio para a entrega de resultado. Eu acho que, independentemente de qualquer coisa, do que voc\u00ea faz e onde voc\u00ea trabalha, voc\u00ea tem que ter pertencimento.&nbsp;&nbsp;<\/p>\n\n\n\n<p>Meu trabalho e do time de People \u00e9 fazer com que as pessoas tenham pertencimento no dia a dia, entendam a cultura da companhia e gostem dessa cultura. Que vejam prop\u00f3sito nas coisas que fazem, para fazer com que a companhia continue crescendo da forma como vem acontecendo ao longo desses anos. O meu time tem que trabalhar focado na experi\u00eancia do colaborador.&nbsp;&nbsp;<\/p>\n\n\n\n<p><strong>A Sinqia \u00e9 reconhecida como um \u00f3timo lugar para trabalhar, tendo conquistado o selo do Great Place to Work j\u00e1 h\u00e1 alguns anos. O que voc\u00ea acha que \u00e9 o grande diferencial da empresa?&nbsp;<\/strong>&nbsp;<\/p>\n\n\n\n<p>N\u00e3o vou dizer o que eu acho, mas sim o que tenho certeza. S\u00e3o duas coisas que aparecem em todas as pesquisas e bate papos: a leveza do nosso ambiente de trabalho e as rela\u00e7\u00f5es verdadeiras.&nbsp;<\/p>\n\n\n\n<p>As pessoas acreditam muito no ambiente leve da Sinqia. Quando a gente fez o rebranding da marca, vimos a oportunidade de trazer essa leveza, dinamismo e cor para o dia a dia da Sinqia. Assim veio o \u201cjust dress, no code\u201d, o open space, as salas com nomes da cultura pop, e toda a cultura que a gente tem hoje na empresa.&nbsp;&nbsp;<\/p>\n\n\n\n<figure class=\"wp-block-image aligncenter size-large is-resized\"><img decoding=\"async\" src=\"https:\/\/sinqia.com.br\/wp-content\/uploads\/2023\/01\/MicrosoftTeams-image-1024x742.jpg\" alt=\"\" class=\"wp-image-5605\" width=\"699\" height=\"506\" \/><figcaption class=\"wp-element-caption\"><em>Caio Abreu com o time de l\u00edderes de People da Sinqia<\/em><\/figcaption><\/figure>\n\n\n\n<p>\u00a0<strong>Pensando no mercado de People e nos resultados da pr\u00f3pria Sinqia, como voc\u00ea avalia o ano que se passou e quais s\u00e3o as suas expectativas para 2023?<\/strong>\u00a0<\/p>\n\n\n\n<p>O ano de 2022 foi muito complexo no mercado como um todo. Foi o ano do \u201cfim\u201d de uma pandemia e foi o ano em que o retorno ao escrit\u00f3rio se deu. As pessoas estavam h\u00e1 2 anos em casa e o mercado <a href=\"https:\/\/sinqia.com.br\/2022\/07\/25\/como-e-o-processo-seletivo-para-trabalhar-na-sinqia\/\" target=\"_blank\" rel=\"noreferrer noopener\">come\u00e7ou a reaquecer<\/a>. Trabalhar esse momento de \u201cnovo normal\u201d foi complexo.\u00a0\u00a0<\/p>\n\n\n\n<p>Na Sinqia, conseguimos fazer festa de fim de ano, e como foi bom ver as pessoas se abra\u00e7ando e comemorando nossos resultados! Tivemos que nos reinventar muito, mas batemos a meta de turnover, conquistamos pelo quarto ano consecutivo o selo do GPTW, fechamos a \u00e1rea de People com 100% das metas batidas. Falando como Sinqia em si, <a href=\"https:\/\/sinqia.com.br\/2022\/11\/10\/sinqia-supera-seus-numeros-e-confirma-consistencia-no-terceiro-trimestre-de-2022\/\" target=\"_blank\" rel=\"noreferrer noopener\">tamb\u00e9m foi um ano muito positivo para a companhia<\/a>, entregamos v\u00e1rios recordes entre nossos resultados e alcan\u00e7amos um novo patamar de mercado.&nbsp;&nbsp;<\/p>\n\n\n\n<p>Para 2023, o foco \u00e9 o desenvolvimento das pessoas. A SinqiaUP nasceu ano passado e deu super certo, foi a minha maior aposta. Esse ano temos v\u00e1rios outros desafios, de novos desenvolvimentos de trilhas de conhecimento dentro da Universidade Corporativa da Sinqia. Ao mesmo tempo, a gente tem um objetivo muito forte de revis\u00e3o de v\u00e1rios processos de RH, considerando as tend\u00eancias de mercado.&nbsp;<\/p>\n\n\n\n<p><strong>Quais dessas tend\u00eancias voc\u00ea destacaria?<\/strong>&nbsp;<\/p>\n\n\n\n<p>Um dos focos \u00e9 o The Future of Work, que \u00e9 como est\u00e1 se chamando o futuro do trabalho em si. Um conceito que casa sa\u00fade mental, modelo de trabalho, estrutura do escrit\u00f3rio, ambiente da companhia, produtividade, entre outros temas. Tem muita coisa no futuro do trabalho que precisamos olhar para garantir pessoas mais engajadas e com pertencimento.&nbsp;<\/p>\n\n\n\n<p><strong>Voc\u00ea tamb\u00e9m comentou sobre a Universidade Corporativa, iniciativa que est\u00e1 bastante em alta no mercado. Quais s\u00e3o as vantagens de um programa como esse?<\/strong>&nbsp;<\/p>\n\n\n\n<p>S\u00e3o v\u00e1rias as vantagens. A gente fala de gest\u00e3o do conhecimento, ter o conhecimento dentro de casa de forma que a gente consiga disseminar isso com facilidade e em massa. A gente fala de reconhecimento, de voc\u00ea fazer os treinamentos e ser reconhecido por isso, atrav\u00e9s do seu pr\u00f3prio desenvolvimento, atrav\u00e9s de incentivos internos e tudo mais.&nbsp;&nbsp;<\/p>\n\n\n\n<p>A gente fala tamb\u00e9m de reten\u00e7\u00e3o, de ser uma empresa que proporciona desenvolvimento, que \u00e9 uma das coisas que mais tem crescido hoje, principalmente entre a Gera\u00e7\u00e3o Z, que quer saber um pouco de tudo. Ter a Universidade Corporativa \u00e9 superpositivo nesse sentido.&nbsp;&nbsp;<\/p>\n\n\n\n<p>Al\u00e9m disso, a SinqiaUP consegue proporcionar sustenta\u00e7\u00e3o do pr\u00f3prio neg\u00f3cio. Hoje a gente j\u00e1 iniciou o desenvolvimento da plataforma para alguns clientes, e n\u00e3o s\u00f3 para uso interno. A Universidade Corporativa \u00e9 um investimento muito forte hoje em dia justamente por conseguir atuar em diversas dores que as empresas t\u00eam.&nbsp;<\/p>\n","protected":false},"excerpt":{"rendered":"<p>Caio Abreu, Diretor de People da Sinqia, fala sobre o sucesso das Universidades Corporativas e outras tend\u00eancias do mundo do trabalho para 2023&nbsp;&nbsp; Em 2022, a Sinqia conquistou pela quarta vez consecutiva a certifica\u00e7\u00e3o GPTW (Great Place to Work), com sua melhor nota desde que iniciou a participa\u00e7\u00e3o na pesquisa, em 2019. Um dos nomes [&hellip;]<\/p>\n","protected":false},"author":3,"featured_media":45917,"comment_status":"closed","ping_status":"closed","sticky":false,"template":"","format":"standard","meta":{"footnotes":""},"categories":[998],"tags":[52,1063,749,373,350,750,253],"class_list":["post-5598","post","type-post","status-publish","format-standard","has-post-thumbnail","hentry","category-tech-e-trends","tag-bancos","tag-consorcios","tag-fundos","tag-pagamentos","tag-previdencia","tag-servicos-e-consultoria","tag-solucoes-digitais"],"yoast_head":"<!-- This site is optimized with the Yoast SEO plugin v27.5 - https:\/\/yoast.com\/product\/yoast-seo-wordpress\/ -->\n<title>\u00c1rea de People deve estar focada no pertencimento do colaborador\u00a0 - Evertec Trends<\/title>\n<meta name=\"description\" content=\"Caio Abreu, diretor de People da Sinqia, acredita que a qualidade de vida e sentimento de pertencimento dos colaboradores s\u00e3o caracter\u00edsticas essenciais para o crescimento de uma empresa. Confira a entrevista completa!\" \/>\n<meta name=\"robots\" content=\"index, follow, max-snippet:-1, max-image-preview:large, max-video-preview:-1\" \/>\n<link rel=\"canonical\" href=\"https:\/\/evertectrends.com\/pt-br\/sinqia-caio-abreu\/\" \/>\n<meta property=\"og:locale\" content=\"pt_BR\" \/>\n<meta property=\"og:type\" content=\"article\" \/>\n<meta property=\"og:title\" content=\"\u00c1rea de People deve estar focada no pertencimento do colaborador\u00a0 - Evertec Trends\" \/>\n<meta property=\"og:description\" content=\"Caio Abreu, diretor de People da Sinqia, acredita que a qualidade de vida e sentimento de pertencimento dos colaboradores s\u00e3o caracter\u00edsticas essenciais para o crescimento de uma empresa. Confira a entrevista completa!\" \/>\n<meta property=\"og:url\" content=\"https:\/\/evertectrends.com\/pt-br\/sinqia-caio-abreu\/\" \/>\n<meta property=\"og:site_name\" content=\"Evertec Trends\" \/>\n<meta property=\"article:published_time\" content=\"2023-01-27T18:58:35+00:00\" \/>\n<meta property=\"article:modified_time\" content=\"2024-05-29T20:24:49+00:00\" \/>\n<meta property=\"og:image\" content=\"https:\/\/evertectrends.com\/wp-content\/uploads\/2023\/01\/image.jpeg\" \/>\n\t<meta property=\"og:image:width\" content=\"1600\" \/>\n\t<meta property=\"og:image:height\" content=\"1160\" \/>\n\t<meta property=\"og:image:type\" content=\"image\/jpeg\" \/>\n<meta name=\"author\" content=\"Aline Pacheco\" \/>\n<meta name=\"twitter:card\" content=\"summary_large_image\" \/>\n<meta name=\"twitter:creator\" content=\"@https:\/\/twitter.com\/\" \/>\n<meta name=\"twitter:label1\" content=\"Escrito por\" \/>\n\t<meta name=\"twitter:data1\" content=\"Aline Pacheco\" \/>\n\t<meta name=\"twitter:label2\" content=\"Est. tempo de leitura\" \/>\n\t<meta name=\"twitter:data2\" content=\"8 minutos\" \/>\n<script type=\"application\/ld+json\" class=\"yoast-schema-graph\">{\"@context\":\"https:\\\/\\\/schema.org\",\"@graph\":[{\"@type\":\"Article\",\"@id\":\"https:\\\/\\\/evertectrends.com\\\/pt-br\\\/sinqia-caio-abreu\\\/#article\",\"isPartOf\":{\"@id\":\"https:\\\/\\\/evertectrends.com\\\/pt-br\\\/sinqia-caio-abreu\\\/\"},\"author\":{\"name\":\"Aline Pacheco\",\"@id\":\"https:\\\/\\\/evertectrends.com\\\/#\\\/schema\\\/person\\\/3f932f9524cf6cebeb6cb89d05d59d18\"},\"headline\":\"\u00c1rea de People deve estar focada no pertencimento do colaborador\u00a0\",\"datePublished\":\"2023-01-27T18:58:35+00:00\",\"dateModified\":\"2024-05-29T20:24:49+00:00\",\"mainEntityOfPage\":{\"@id\":\"https:\\\/\\\/evertectrends.com\\\/pt-br\\\/sinqia-caio-abreu\\\/\"},\"wordCount\":1326,\"publisher\":{\"@id\":\"https:\\\/\\\/evertectrends.com\\\/#organization\"},\"image\":{\"@id\":\"https:\\\/\\\/evertectrends.com\\\/pt-br\\\/sinqia-caio-abreu\\\/#primaryimage\"},\"thumbnailUrl\":\"https:\\\/\\\/evertectrends.com\\\/wp-content\\\/uploads\\\/2023\\\/01\\\/image.jpeg\",\"keywords\":[\"Bancos\",\"Cons\u00f3rcios\",\"Fundos\",\"Pagamentos\",\"Previd\u00eancia\",\"Servi\u00e7os e Consultoria\",\"Solu\u00e7\u00f5es Digitais\"],\"articleSection\":[\"Tech e Trends\"],\"inLanguage\":\"pt-BR\"},{\"@type\":\"WebPage\",\"@id\":\"https:\\\/\\\/evertectrends.com\\\/pt-br\\\/sinqia-caio-abreu\\\/\",\"url\":\"https:\\\/\\\/evertectrends.com\\\/pt-br\\\/sinqia-caio-abreu\\\/\",\"name\":\"\u00c1rea de People deve estar focada no pertencimento do colaborador\u00a0 - Evertec Trends\",\"isPartOf\":{\"@id\":\"https:\\\/\\\/evertectrends.com\\\/#website\"},\"primaryImageOfPage\":{\"@id\":\"https:\\\/\\\/evertectrends.com\\\/pt-br\\\/sinqia-caio-abreu\\\/#primaryimage\"},\"image\":{\"@id\":\"https:\\\/\\\/evertectrends.com\\\/pt-br\\\/sinqia-caio-abreu\\\/#primaryimage\"},\"thumbnailUrl\":\"https:\\\/\\\/evertectrends.com\\\/wp-content\\\/uploads\\\/2023\\\/01\\\/image.jpeg\",\"datePublished\":\"2023-01-27T18:58:35+00:00\",\"dateModified\":\"2024-05-29T20:24:49+00:00\",\"description\":\"Caio Abreu, diretor de People da Sinqia, acredita que a qualidade de vida e sentimento de pertencimento dos colaboradores s\u00e3o caracter\u00edsticas essenciais para o crescimento de uma empresa. Confira a entrevista completa!\",\"breadcrumb\":{\"@id\":\"https:\\\/\\\/evertectrends.com\\\/pt-br\\\/sinqia-caio-abreu\\\/#breadcrumb\"},\"inLanguage\":\"pt-BR\",\"potentialAction\":[{\"@type\":\"ReadAction\",\"target\":[\"https:\\\/\\\/evertectrends.com\\\/pt-br\\\/sinqia-caio-abreu\\\/\"]}]},{\"@type\":\"ImageObject\",\"inLanguage\":\"pt-BR\",\"@id\":\"https:\\\/\\\/evertectrends.com\\\/pt-br\\\/sinqia-caio-abreu\\\/#primaryimage\",\"url\":\"https:\\\/\\\/evertectrends.com\\\/wp-content\\\/uploads\\\/2023\\\/01\\\/image.jpeg\",\"contentUrl\":\"https:\\\/\\\/evertectrends.com\\\/wp-content\\\/uploads\\\/2023\\\/01\\\/image.jpeg\",\"width\":1600,\"height\":1160},{\"@type\":\"BreadcrumbList\",\"@id\":\"https:\\\/\\\/evertectrends.com\\\/pt-br\\\/sinqia-caio-abreu\\\/#breadcrumb\",\"itemListElement\":[{\"@type\":\"ListItem\",\"position\":1,\"name\":\"Home\",\"item\":\"https:\\\/\\\/evertectrends.com\\\/pt-br\\\/\"},{\"@type\":\"ListItem\",\"position\":2,\"name\":\"Tech e Trends\",\"item\":\"https:\\\/\\\/evertectrends.com\\\/categorias\\\/tech-e-trends\\\/\"},{\"@type\":\"ListItem\",\"position\":3,\"name\":\"\u00c1rea de People deve estar focada no pertencimento do colaborador\u00a0\"}]},{\"@type\":\"WebSite\",\"@id\":\"https:\\\/\\\/evertectrends.com\\\/#website\",\"url\":\"https:\\\/\\\/evertectrends.com\\\/\",\"name\":\"Evertec Trends\",\"description\":\"As tend\u00eancias de tecnologia para inovar com estrat\u00e9gia\",\"publisher\":{\"@id\":\"https:\\\/\\\/evertectrends.com\\\/#organization\"},\"potentialAction\":[{\"@type\":\"SearchAction\",\"target\":{\"@type\":\"EntryPoint\",\"urlTemplate\":\"https:\\\/\\\/evertectrends.com\\\/?s={search_term_string}\"},\"query-input\":{\"@type\":\"PropertyValueSpecification\",\"valueRequired\":true,\"valueName\":\"search_term_string\"}}],\"inLanguage\":\"pt-BR\"},{\"@type\":\"Organization\",\"@id\":\"https:\\\/\\\/evertectrends.com\\\/#organization\",\"name\":\"Evertec Trends\",\"url\":\"https:\\\/\\\/evertectrends.com\\\/\",\"logo\":{\"@type\":\"ImageObject\",\"inLanguage\":\"pt-BR\",\"@id\":\"https:\\\/\\\/evertectrends.com\\\/#\\\/schema\\\/logo\\\/image\\\/\",\"url\":\"https:\\\/\\\/evertectrends.com\\\/wp-content\\\/uploads\\\/2024\\\/06\\\/evertectrends-sq.png\",\"contentUrl\":\"https:\\\/\\\/evertectrends.com\\\/wp-content\\\/uploads\\\/2024\\\/06\\\/evertectrends-sq.png\",\"width\":416,\"height\":417,\"caption\":\"Evertec Trends\"},\"image\":{\"@id\":\"https:\\\/\\\/evertectrends.com\\\/#\\\/schema\\\/logo\\\/image\\\/\"}},{\"@type\":\"Person\",\"@id\":\"https:\\\/\\\/evertectrends.com\\\/#\\\/schema\\\/person\\\/3f932f9524cf6cebeb6cb89d05d59d18\",\"name\":\"Aline Pacheco\",\"image\":{\"@type\":\"ImageObject\",\"inLanguage\":\"pt-BR\",\"@id\":\"https:\\\/\\\/secure.gravatar.com\\\/avatar\\\/6af7c7866012d2d12741711f9580c492a2aabcacbaa828515f6088310a950423?s=96&d=robohash&r=g\",\"url\":\"https:\\\/\\\/secure.gravatar.com\\\/avatar\\\/6af7c7866012d2d12741711f9580c492a2aabcacbaa828515f6088310a950423?s=96&d=robohash&r=g\",\"contentUrl\":\"https:\\\/\\\/secure.gravatar.com\\\/avatar\\\/6af7c7866012d2d12741711f9580c492a2aabcacbaa828515f6088310a950423?s=96&d=robohash&r=g\",\"caption\":\"Aline Pacheco\"},\"sameAs\":[\"https:\\\/\\\/www.instagram.com\\\/\",\"https:\\\/\\\/www.linkedin.com\\\/in\\\/alinepachecosilva\\\/\",\"https:\\\/\\\/x.com\\\/https:\\\/\\\/twitter.com\\\/\"],\"url\":\"https:\\\/\\\/evertectrends.com\\\/pt-br\\\/author\\\/aline-pacheco\\\/\"}]}<\/script>\n<!-- \/ Yoast SEO plugin. -->","yoast_head_json":{"title":"\u00c1rea de People deve estar focada no pertencimento do colaborador\u00a0 - Evertec Trends","description":"Caio Abreu, diretor de People da Sinqia, acredita que a qualidade de vida e sentimento de pertencimento dos colaboradores s\u00e3o caracter\u00edsticas essenciais para o crescimento de uma empresa. Confira a entrevista completa!","robots":{"index":"index","follow":"follow","max-snippet":"max-snippet:-1","max-image-preview":"max-image-preview:large","max-video-preview":"max-video-preview:-1"},"canonical":"https:\/\/evertectrends.com\/pt-br\/sinqia-caio-abreu\/","og_locale":"pt_BR","og_type":"article","og_title":"\u00c1rea de People deve estar focada no pertencimento do colaborador\u00a0 - Evertec Trends","og_description":"Caio Abreu, diretor de People da Sinqia, acredita que a qualidade de vida e sentimento de pertencimento dos colaboradores s\u00e3o caracter\u00edsticas essenciais para o crescimento de uma empresa. Confira a entrevista completa!","og_url":"https:\/\/evertectrends.com\/pt-br\/sinqia-caio-abreu\/","og_site_name":"Evertec Trends","article_published_time":"2023-01-27T18:58:35+00:00","article_modified_time":"2024-05-29T20:24:49+00:00","og_image":[{"width":1600,"height":1160,"url":"https:\/\/evertectrends.com\/wp-content\/uploads\/2023\/01\/image.jpeg","type":"image\/jpeg"}],"author":"Aline Pacheco","twitter_card":"summary_large_image","twitter_creator":"@https:\/\/twitter.com\/","twitter_misc":{"Escrito por":"Aline Pacheco","Est. tempo de leitura":"8 minutos"},"schema":{"@context":"https:\/\/schema.org","@graph":[{"@type":"Article","@id":"https:\/\/evertectrends.com\/pt-br\/sinqia-caio-abreu\/#article","isPartOf":{"@id":"https:\/\/evertectrends.com\/pt-br\/sinqia-caio-abreu\/"},"author":{"name":"Aline Pacheco","@id":"https:\/\/evertectrends.com\/#\/schema\/person\/3f932f9524cf6cebeb6cb89d05d59d18"},"headline":"\u00c1rea de People deve estar focada no pertencimento do colaborador\u00a0","datePublished":"2023-01-27T18:58:35+00:00","dateModified":"2024-05-29T20:24:49+00:00","mainEntityOfPage":{"@id":"https:\/\/evertectrends.com\/pt-br\/sinqia-caio-abreu\/"},"wordCount":1326,"publisher":{"@id":"https:\/\/evertectrends.com\/#organization"},"image":{"@id":"https:\/\/evertectrends.com\/pt-br\/sinqia-caio-abreu\/#primaryimage"},"thumbnailUrl":"https:\/\/evertectrends.com\/wp-content\/uploads\/2023\/01\/image.jpeg","keywords":["Bancos","Cons\u00f3rcios","Fundos","Pagamentos","Previd\u00eancia","Servi\u00e7os e Consultoria","Solu\u00e7\u00f5es Digitais"],"articleSection":["Tech e Trends"],"inLanguage":"pt-BR"},{"@type":"WebPage","@id":"https:\/\/evertectrends.com\/pt-br\/sinqia-caio-abreu\/","url":"https:\/\/evertectrends.com\/pt-br\/sinqia-caio-abreu\/","name":"\u00c1rea de People deve estar focada no pertencimento do colaborador\u00a0 - Evertec Trends","isPartOf":{"@id":"https:\/\/evertectrends.com\/#website"},"primaryImageOfPage":{"@id":"https:\/\/evertectrends.com\/pt-br\/sinqia-caio-abreu\/#primaryimage"},"image":{"@id":"https:\/\/evertectrends.com\/pt-br\/sinqia-caio-abreu\/#primaryimage"},"thumbnailUrl":"https:\/\/evertectrends.com\/wp-content\/uploads\/2023\/01\/image.jpeg","datePublished":"2023-01-27T18:58:35+00:00","dateModified":"2024-05-29T20:24:49+00:00","description":"Caio Abreu, diretor de People da Sinqia, acredita que a qualidade de vida e sentimento de pertencimento dos colaboradores s\u00e3o caracter\u00edsticas essenciais para o crescimento de uma empresa. Confira a entrevista completa!","breadcrumb":{"@id":"https:\/\/evertectrends.com\/pt-br\/sinqia-caio-abreu\/#breadcrumb"},"inLanguage":"pt-BR","potentialAction":[{"@type":"ReadAction","target":["https:\/\/evertectrends.com\/pt-br\/sinqia-caio-abreu\/"]}]},{"@type":"ImageObject","inLanguage":"pt-BR","@id":"https:\/\/evertectrends.com\/pt-br\/sinqia-caio-abreu\/#primaryimage","url":"https:\/\/evertectrends.com\/wp-content\/uploads\/2023\/01\/image.jpeg","contentUrl":"https:\/\/evertectrends.com\/wp-content\/uploads\/2023\/01\/image.jpeg","width":1600,"height":1160},{"@type":"BreadcrumbList","@id":"https:\/\/evertectrends.com\/pt-br\/sinqia-caio-abreu\/#breadcrumb","itemListElement":[{"@type":"ListItem","position":1,"name":"Home","item":"https:\/\/evertectrends.com\/pt-br\/"},{"@type":"ListItem","position":2,"name":"Tech e Trends","item":"https:\/\/evertectrends.com\/categorias\/tech-e-trends\/"},{"@type":"ListItem","position":3,"name":"\u00c1rea de People deve estar focada no pertencimento do colaborador\u00a0"}]},{"@type":"WebSite","@id":"https:\/\/evertectrends.com\/#website","url":"https:\/\/evertectrends.com\/","name":"Evertec Trends","description":"As tend\u00eancias de tecnologia para inovar com estrat\u00e9gia","publisher":{"@id":"https:\/\/evertectrends.com\/#organization"},"potentialAction":[{"@type":"SearchAction","target":{"@type":"EntryPoint","urlTemplate":"https:\/\/evertectrends.com\/?s={search_term_string}"},"query-input":{"@type":"PropertyValueSpecification","valueRequired":true,"valueName":"search_term_string"}}],"inLanguage":"pt-BR"},{"@type":"Organization","@id":"https:\/\/evertectrends.com\/#organization","name":"Evertec Trends","url":"https:\/\/evertectrends.com\/","logo":{"@type":"ImageObject","inLanguage":"pt-BR","@id":"https:\/\/evertectrends.com\/#\/schema\/logo\/image\/","url":"https:\/\/evertectrends.com\/wp-content\/uploads\/2024\/06\/evertectrends-sq.png","contentUrl":"https:\/\/evertectrends.com\/wp-content\/uploads\/2024\/06\/evertectrends-sq.png","width":416,"height":417,"caption":"Evertec Trends"},"image":{"@id":"https:\/\/evertectrends.com\/#\/schema\/logo\/image\/"}},{"@type":"Person","@id":"https:\/\/evertectrends.com\/#\/schema\/person\/3f932f9524cf6cebeb6cb89d05d59d18","name":"Aline Pacheco","image":{"@type":"ImageObject","inLanguage":"pt-BR","@id":"https:\/\/secure.gravatar.com\/avatar\/6af7c7866012d2d12741711f9580c492a2aabcacbaa828515f6088310a950423?s=96&d=robohash&r=g","url":"https:\/\/secure.gravatar.com\/avatar\/6af7c7866012d2d12741711f9580c492a2aabcacbaa828515f6088310a950423?s=96&d=robohash&r=g","contentUrl":"https:\/\/secure.gravatar.com\/avatar\/6af7c7866012d2d12741711f9580c492a2aabcacbaa828515f6088310a950423?s=96&d=robohash&r=g","caption":"Aline Pacheco"},"sameAs":["https:\/\/www.instagram.com\/","https:\/\/www.linkedin.com\/in\/alinepachecosilva\/","https:\/\/x.com\/https:\/\/twitter.com\/"],"url":"https:\/\/evertectrends.com\/pt-br\/author\/aline-pacheco\/"}]}},"featured_image_url":"https:\/\/evertectrends.com\/wp-content\/uploads\/2023\/01\/image.jpeg","primary_category":"Tech e Trends","_links":{"self":[{"href":"https:\/\/evertectrends.com\/pt-br\/wp-json\/wp\/v2\/posts\/5598","targetHints":{"allow":["GET"]}}],"collection":[{"href":"https:\/\/evertectrends.com\/pt-br\/wp-json\/wp\/v2\/posts"}],"about":[{"href":"https:\/\/evertectrends.com\/pt-br\/wp-json\/wp\/v2\/types\/post"}],"author":[{"embeddable":true,"href":"https:\/\/evertectrends.com\/pt-br\/wp-json\/wp\/v2\/users\/3"}],"replies":[{"embeddable":true,"href":"https:\/\/evertectrends.com\/pt-br\/wp-json\/wp\/v2\/comments?post=5598"}],"version-history":[{"count":1,"href":"https:\/\/evertectrends.com\/pt-br\/wp-json\/wp\/v2\/posts\/5598\/revisions"}],"predecessor-version":[{"id":45916,"href":"https:\/\/evertectrends.com\/pt-br\/wp-json\/wp\/v2\/posts\/5598\/revisions\/45916"}],"wp:featuredmedia":[{"embeddable":true,"href":"https:\/\/evertectrends.com\/pt-br\/wp-json\/wp\/v2\/media\/45917"}],"wp:attachment":[{"href":"https:\/\/evertectrends.com\/pt-br\/wp-json\/wp\/v2\/media?parent=5598"}],"wp:term":[{"taxonomy":"category","embeddable":true,"href":"https:\/\/evertectrends.com\/pt-br\/wp-json\/wp\/v2\/categories?post=5598"},{"taxonomy":"post_tag","embeddable":true,"href":"https:\/\/evertectrends.com\/pt-br\/wp-json\/wp\/v2\/tags?post=5598"}],"curies":[{"name":"wp","href":"https:\/\/api.w.org\/{rel}","templated":true}]}}