{"id":55145,"date":"2024-10-23T07:00:00","date_gmt":"2024-10-23T10:00:00","guid":{"rendered":"https:\/\/evertectrends.com\/?p=55145"},"modified":"2025-08-19T11:47:28","modified_gmt":"2025-08-19T14:47:28","slug":"seguranca-cibernetica-voce-esta-preparado","status":"publish","type":"post","link":"https:\/\/evertectrends.com\/pt-br\/seguranca-cibernetica-voce-esta-preparado\/","title":{"rendered":"Seguran\u00e7a cibern\u00e9tica: voc\u00ea est\u00e1 preparado para a batalha que se aproxima?"},"content":{"rendered":"\n<p><span data-contrast=\"auto\">Este ano, o Chile subiu 30 posi\u00e7\u00f5es no \u00cdndice Nacional de Seguran\u00e7a Cibern\u00e9tica (NCSI), ficando em 25\u00ba lugar no mundo (sendo o segundo pa\u00eds mais bem classificado na Am\u00e9rica Latina). Essa an\u00e1lise \u00e9 preparada pela Est\u00f4nia e mede o n\u00edvel de prepara\u00e7\u00e3o dos pa\u00edses para gerenciar, prevenir e responder a ataques cibern\u00e9ticos que possam comprometer a seguran\u00e7a das informa\u00e7\u00f5es de governos e indiv\u00edduos.<\/span><span data-ccp-props=\"{}\">\u00a0<\/span><\/p>\n<p><span data-contrast=\"auto\">Infelizmente, essa classifica\u00e7\u00e3o mostra uma realidade parcial do pa\u00eds.\u00a0 Neste contexto, \u00e9 crucial destacar que, no Chile, apenas 80% das grandes empresas contam com equipes dedicadas \u00e0 seguran\u00e7a cibern\u00e9tica, enquanto esse n\u00famero cai para 30% nas pequenas e m\u00e9dias empresas (PMEs), de acordo com a IT Hunter International. Essa situa\u00e7\u00e3o \u00e9 preocupante, especialmente considerando que os ataques de ransomware aumentaram 300% em 2023, afetando principalmente bancos, seguradoras e empresas de telecomunica\u00e7\u00f5es. Isso, por sua vez, impacta indiretamente as pessoas e prejudica a confian\u00e7a em rela\u00e7\u00e3o ao tratamento de nossas informa\u00e7\u00f5es.<\/span><span data-ccp-props=\"{}\">\u00a0<\/span><\/p>\n<p><span data-contrast=\"auto\">\u00c9 fundamental que as empresas compreendam a profundidade dessa situa\u00e7\u00e3o e que a <\/span><a href=\"https:\/\/evertectrends.com\/fernando-malta-seguranca-informacao\/\"><span data-contrast=\"none\">seguran\u00e7a da informa\u00e7\u00e3o<\/span><\/a><span data-contrast=\"auto\"> deve fazer parte das decis\u00f5es tomadas pelos conselhos de administra\u00e7\u00e3o e pela ger\u00eancia s\u00eanior, pois as empresas que s\u00e3o atacadas e n\u00e3o t\u00eam um plano para lidar com esse tipo de evento reduzem consideravelmente a confian\u00e7a de seus clientes.<\/span><span data-ccp-props=\"{}\">\u00a0<\/span><\/p>\n<p><span data-contrast=\"auto\">Por outro lado, o Chile \u00e9 um dos pa\u00edses mais avan\u00e7ados em termos de transa\u00e7\u00f5es, pagamentos on-line, informa\u00e7\u00f5es banc\u00e1rias e pessoais, e \u00e9 l\u00edder na Am\u00e9rica Latina no desenvolvimento de neg\u00f3cios e transa\u00e7\u00f5es eletr\u00f4nicas. Sem ir mais longe, as autoridades chilenas est\u00e3o trabalhando no regulamento que estabelece o Sistema Financeiro Aberto (SFA) da <\/span><b><span data-contrast=\"auto\">Lei Fintech<\/span><\/b><span data-contrast=\"auto\">, que abrir\u00e1 oportunidades de neg\u00f3cios, mas, ao mesmo tempo, exige um trabalho conjunto de seguran\u00e7a, em que os setores p\u00fablico e privado devem contribuir para proteger as informa\u00e7\u00f5es pessoais e financeiras de todos.<\/span><span data-ccp-props=\"{}\">\u00a0<\/span><\/p>\n<p><span data-contrast=\"auto\">Dito isso, \u00e9 importante que as empresas estejam preparadas para o que est\u00e1 por vir, isso deve come\u00e7ar a partir da Governan\u00e7a (alta administra\u00e7\u00e3o e conselhos) e finan\u00e7as (or\u00e7amentos), por outro lado, em um n\u00edvel especializado, a prepara\u00e7\u00e3o de equipamentos e ferramentas \u00e9 a base para iniciar esse caminho bem como os preparativos para exerc\u00edcios de ataques cibern\u00e9ticos e planos de continuidade que nos permitem minimizar os riscos desses ataques cibern\u00e9ticos que est\u00e3o crescendo ano a ano.<\/span><span data-ccp-props=\"{}\">\u00a0<\/span><\/p>\n<p><a href=\"https:\/\/sinqia.com.br\/contato\/\"><span data-contrast=\"none\">Fale com nossos consultores<\/span><\/a><span data-contrast=\"none\">, conhe\u00e7a mais sobre as solu\u00e7\u00f5es da Evertec e entenda como podemos levar seguran\u00e7a para o seu neg\u00f3cio.<\/span><span data-ccp-props=\"{}\">\u00a0<\/span><\/p>\n","protected":false},"excerpt":{"rendered":"","protected":false},"author":32,"featured_media":55159,"comment_status":"closed","ping_status":"open","sticky":false,"template":"","format":"standard","meta":{"footnotes":""},"categories":[1001],"tags":[1140,1253,2420,1254,373,64,1257,225],"class_list":["post-55145","post","type-post","status-publish","format-standard","has-post-thumbnail","hentry","category-seguranca","tag-america-latina","tag-chile","tag-evertec-pt-br","tag-evertec-inc","tag-pagamentos","tag-seguranca","tag-seguranca-cibernetica","tag-seguranca-da-informacao"],"yoast_head":"<!-- This site is optimized with the Yoast SEO plugin v27.5 - https:\/\/yoast.com\/product\/yoast-seo-wordpress\/ -->\n<title>Seguran\u00e7a cibern\u00e9tica: voc\u00ea est\u00e1 preparado para a batalha que se aproxima? - Evertec Trends<\/title>\n<meta name=\"description\" content=\"Entenda porque a seguran\u00e7a cibern\u00e9tica deve fazer parte das decis\u00f5es tomadas pelos conselhos de administra\u00e7\u00e3o e pela ger\u00eancia das empresas.\" \/>\n<meta name=\"robots\" content=\"index, follow, max-snippet:-1, max-image-preview:large, max-video-preview:-1\" \/>\n<link rel=\"canonical\" href=\"https:\/\/evertectrends.com\/pt-br\/seguranca-cibernetica-voce-esta-preparado\/\" \/>\n<meta property=\"og:locale\" content=\"pt_BR\" \/>\n<meta property=\"og:type\" content=\"article\" \/>\n<meta property=\"og:title\" content=\"Seguran\u00e7a cibern\u00e9tica: voc\u00ea est\u00e1 preparado para a batalha que se aproxima? - Evertec Trends\" \/>\n<meta property=\"og:description\" content=\"Entenda porque a seguran\u00e7a cibern\u00e9tica deve fazer parte das decis\u00f5es tomadas pelos conselhos de administra\u00e7\u00e3o e pela ger\u00eancia das empresas.\" \/>\n<meta property=\"og:url\" content=\"https:\/\/evertectrends.com\/pt-br\/seguranca-cibernetica-voce-esta-preparado\/\" \/>\n<meta property=\"og:site_name\" content=\"Evertec Trends\" \/>\n<meta property=\"article:published_time\" content=\"2024-10-23T10:00:00+00:00\" \/>\n<meta property=\"article:modified_time\" content=\"2025-08-19T14:47:28+00:00\" \/>\n<meta property=\"og:image\" content=\"https:\/\/evertectrends.com\/wp-content\/uploads\/2025\/03\/seguranca_cibernetica.jpg\" \/>\n\t<meta property=\"og:image:width\" content=\"1281\" \/>\n\t<meta property=\"og:image:height\" content=\"721\" \/>\n\t<meta property=\"og:image:type\" content=\"image\/jpeg\" \/>\n<meta name=\"author\" content=\"Daniel Barba\" \/>\n<meta name=\"twitter:card\" content=\"summary_large_image\" \/>\n<meta name=\"twitter:label1\" content=\"Escrito por\" \/>\n\t<meta name=\"twitter:data1\" content=\"Daniel Barba\" \/>\n\t<meta name=\"twitter:label2\" content=\"Est. tempo de leitura\" \/>\n\t<meta name=\"twitter:data2\" content=\"3 minutos\" \/>\n<script type=\"application\/ld+json\" class=\"yoast-schema-graph\">{\"@context\":\"https:\\\/\\\/schema.org\",\"@graph\":[{\"@type\":\"Article\",\"@id\":\"https:\\\/\\\/evertectrends.com\\\/pt-br\\\/seguranca-cibernetica-voce-esta-preparado\\\/#article\",\"isPartOf\":{\"@id\":\"https:\\\/\\\/evertectrends.com\\\/pt-br\\\/seguranca-cibernetica-voce-esta-preparado\\\/\"},\"author\":{\"name\":\"Daniel Barba\",\"@id\":\"https:\\\/\\\/evertectrends.com\\\/#\\\/schema\\\/person\\\/fb877896ed9c0260075f9fd0c59595ac\"},\"headline\":\"Seguran\u00e7a cibern\u00e9tica: voc\u00ea est\u00e1 preparado para a batalha que se aproxima?\",\"datePublished\":\"2024-10-23T10:00:00+00:00\",\"dateModified\":\"2025-08-19T14:47:28+00:00\",\"mainEntityOfPage\":{\"@id\":\"https:\\\/\\\/evertectrends.com\\\/pt-br\\\/seguranca-cibernetica-voce-esta-preparado\\\/\"},\"wordCount\":458,\"publisher\":{\"@id\":\"https:\\\/\\\/evertectrends.com\\\/#organization\"},\"image\":{\"@id\":\"https:\\\/\\\/evertectrends.com\\\/pt-br\\\/seguranca-cibernetica-voce-esta-preparado\\\/#primaryimage\"},\"thumbnailUrl\":\"https:\\\/\\\/evertectrends.com\\\/wp-content\\\/uploads\\\/2025\\\/03\\\/seguranca_cibernetica.jpg\",\"keywords\":[\"Am\u00e9rica Latina\",\"Chile\",\"Evertec\",\"Evertec Inc\",\"Pagamentos\",\"seguran\u00e7a\",\"seguran\u00e7a cibern\u00e9tica\",\"seguran\u00e7a da informa\u00e7\u00e3o\"],\"articleSection\":[\"Seguran\u00e7a\"],\"inLanguage\":\"pt-BR\"},{\"@type\":\"WebPage\",\"@id\":\"https:\\\/\\\/evertectrends.com\\\/pt-br\\\/seguranca-cibernetica-voce-esta-preparado\\\/\",\"url\":\"https:\\\/\\\/evertectrends.com\\\/pt-br\\\/seguranca-cibernetica-voce-esta-preparado\\\/\",\"name\":\"Seguran\u00e7a cibern\u00e9tica: voc\u00ea est\u00e1 preparado para a batalha que se aproxima? - Evertec Trends\",\"isPartOf\":{\"@id\":\"https:\\\/\\\/evertectrends.com\\\/#website\"},\"primaryImageOfPage\":{\"@id\":\"https:\\\/\\\/evertectrends.com\\\/pt-br\\\/seguranca-cibernetica-voce-esta-preparado\\\/#primaryimage\"},\"image\":{\"@id\":\"https:\\\/\\\/evertectrends.com\\\/pt-br\\\/seguranca-cibernetica-voce-esta-preparado\\\/#primaryimage\"},\"thumbnailUrl\":\"https:\\\/\\\/evertectrends.com\\\/wp-content\\\/uploads\\\/2025\\\/03\\\/seguranca_cibernetica.jpg\",\"datePublished\":\"2024-10-23T10:00:00+00:00\",\"dateModified\":\"2025-08-19T14:47:28+00:00\",\"description\":\"Entenda porque a seguran\u00e7a cibern\u00e9tica deve fazer parte das decis\u00f5es tomadas pelos conselhos de administra\u00e7\u00e3o e pela ger\u00eancia das empresas.\",\"breadcrumb\":{\"@id\":\"https:\\\/\\\/evertectrends.com\\\/pt-br\\\/seguranca-cibernetica-voce-esta-preparado\\\/#breadcrumb\"},\"inLanguage\":\"pt-BR\",\"potentialAction\":[{\"@type\":\"ReadAction\",\"target\":[\"https:\\\/\\\/evertectrends.com\\\/pt-br\\\/seguranca-cibernetica-voce-esta-preparado\\\/\"]}]},{\"@type\":\"ImageObject\",\"inLanguage\":\"pt-BR\",\"@id\":\"https:\\\/\\\/evertectrends.com\\\/pt-br\\\/seguranca-cibernetica-voce-esta-preparado\\\/#primaryimage\",\"url\":\"https:\\\/\\\/evertectrends.com\\\/wp-content\\\/uploads\\\/2025\\\/03\\\/seguranca_cibernetica.jpg\",\"contentUrl\":\"https:\\\/\\\/evertectrends.com\\\/wp-content\\\/uploads\\\/2025\\\/03\\\/seguranca_cibernetica.jpg\",\"width\":1281,\"height\":721,\"caption\":\"seguranca-cibernetica\"},{\"@type\":\"BreadcrumbList\",\"@id\":\"https:\\\/\\\/evertectrends.com\\\/pt-br\\\/seguranca-cibernetica-voce-esta-preparado\\\/#breadcrumb\",\"itemListElement\":[{\"@type\":\"ListItem\",\"position\":1,\"name\":\"Home\",\"item\":\"https:\\\/\\\/evertectrends.com\\\/pt-br\\\/\"},{\"@type\":\"ListItem\",\"position\":2,\"name\":\"Seguran\u00e7a\",\"item\":\"https:\\\/\\\/evertectrends.com\\\/pt-br\\\/categorias\\\/seguranca\\\/\"},{\"@type\":\"ListItem\",\"position\":3,\"name\":\"Seguran\u00e7a cibern\u00e9tica: voc\u00ea est\u00e1 preparado para a batalha que se aproxima?\"}]},{\"@type\":\"WebSite\",\"@id\":\"https:\\\/\\\/evertectrends.com\\\/#website\",\"url\":\"https:\\\/\\\/evertectrends.com\\\/\",\"name\":\"Evertec Trends\",\"description\":\"As tend\u00eancias de tecnologia para inovar com estrat\u00e9gia\",\"publisher\":{\"@id\":\"https:\\\/\\\/evertectrends.com\\\/#organization\"},\"potentialAction\":[{\"@type\":\"SearchAction\",\"target\":{\"@type\":\"EntryPoint\",\"urlTemplate\":\"https:\\\/\\\/evertectrends.com\\\/?s={search_term_string}\"},\"query-input\":{\"@type\":\"PropertyValueSpecification\",\"valueRequired\":true,\"valueName\":\"search_term_string\"}}],\"inLanguage\":\"pt-BR\"},{\"@type\":\"Organization\",\"@id\":\"https:\\\/\\\/evertectrends.com\\\/#organization\",\"name\":\"Evertec Trends\",\"url\":\"https:\\\/\\\/evertectrends.com\\\/\",\"logo\":{\"@type\":\"ImageObject\",\"inLanguage\":\"pt-BR\",\"@id\":\"https:\\\/\\\/evertectrends.com\\\/#\\\/schema\\\/logo\\\/image\\\/\",\"url\":\"https:\\\/\\\/evertectrends.com\\\/wp-content\\\/uploads\\\/2024\\\/06\\\/evertectrends-sq.png\",\"contentUrl\":\"https:\\\/\\\/evertectrends.com\\\/wp-content\\\/uploads\\\/2024\\\/06\\\/evertectrends-sq.png\",\"width\":416,\"height\":417,\"caption\":\"Evertec Trends\"},\"image\":{\"@id\":\"https:\\\/\\\/evertectrends.com\\\/#\\\/schema\\\/logo\\\/image\\\/\"}},{\"@type\":\"Person\",\"@id\":\"https:\\\/\\\/evertectrends.com\\\/#\\\/schema\\\/person\\\/fb877896ed9c0260075f9fd0c59595ac\",\"name\":\"Daniel Barba\",\"image\":{\"@type\":\"ImageObject\",\"inLanguage\":\"pt-BR\",\"@id\":\"https:\\\/\\\/secure.gravatar.com\\\/avatar\\\/716c5c925eae48f1b94971efb73999659f935180f1d1a9ada58a1f6b0be48ff5?s=96&d=robohash&r=g\",\"url\":\"https:\\\/\\\/secure.gravatar.com\\\/avatar\\\/716c5c925eae48f1b94971efb73999659f935180f1d1a9ada58a1f6b0be48ff5?s=96&d=robohash&r=g\",\"contentUrl\":\"https:\\\/\\\/secure.gravatar.com\\\/avatar\\\/716c5c925eae48f1b94971efb73999659f935180f1d1a9ada58a1f6b0be48ff5?s=96&d=robohash&r=g\",\"caption\":\"Daniel Barba\"},\"sameAs\":[\"https:\\\/\\\/www.linkedin.com\\\/in\\\/daniel-r-barba\\\/\"],\"url\":\"https:\\\/\\\/evertectrends.com\\\/pt-br\\\/author\\\/daniel-barba\\\/\"}]}<\/script>\n<!-- \/ Yoast SEO plugin. -->","yoast_head_json":{"title":"Seguran\u00e7a cibern\u00e9tica: voc\u00ea est\u00e1 preparado para a batalha que se aproxima? - Evertec Trends","description":"Entenda porque a seguran\u00e7a cibern\u00e9tica deve fazer parte das decis\u00f5es tomadas pelos conselhos de administra\u00e7\u00e3o e pela ger\u00eancia das empresas.","robots":{"index":"index","follow":"follow","max-snippet":"max-snippet:-1","max-image-preview":"max-image-preview:large","max-video-preview":"max-video-preview:-1"},"canonical":"https:\/\/evertectrends.com\/pt-br\/seguranca-cibernetica-voce-esta-preparado\/","og_locale":"pt_BR","og_type":"article","og_title":"Seguran\u00e7a cibern\u00e9tica: voc\u00ea est\u00e1 preparado para a batalha que se aproxima? - Evertec Trends","og_description":"Entenda porque a seguran\u00e7a cibern\u00e9tica deve fazer parte das decis\u00f5es tomadas pelos conselhos de administra\u00e7\u00e3o e pela ger\u00eancia das empresas.","og_url":"https:\/\/evertectrends.com\/pt-br\/seguranca-cibernetica-voce-esta-preparado\/","og_site_name":"Evertec Trends","article_published_time":"2024-10-23T10:00:00+00:00","article_modified_time":"2025-08-19T14:47:28+00:00","og_image":[{"width":1281,"height":721,"url":"https:\/\/evertectrends.com\/wp-content\/uploads\/2025\/03\/seguranca_cibernetica.jpg","type":"image\/jpeg"}],"author":"Daniel Barba","twitter_card":"summary_large_image","twitter_misc":{"Escrito por":"Daniel Barba","Est. tempo de leitura":"3 minutos"},"schema":{"@context":"https:\/\/schema.org","@graph":[{"@type":"Article","@id":"https:\/\/evertectrends.com\/pt-br\/seguranca-cibernetica-voce-esta-preparado\/#article","isPartOf":{"@id":"https:\/\/evertectrends.com\/pt-br\/seguranca-cibernetica-voce-esta-preparado\/"},"author":{"name":"Daniel Barba","@id":"https:\/\/evertectrends.com\/#\/schema\/person\/fb877896ed9c0260075f9fd0c59595ac"},"headline":"Seguran\u00e7a cibern\u00e9tica: voc\u00ea est\u00e1 preparado para a batalha que se aproxima?","datePublished":"2024-10-23T10:00:00+00:00","dateModified":"2025-08-19T14:47:28+00:00","mainEntityOfPage":{"@id":"https:\/\/evertectrends.com\/pt-br\/seguranca-cibernetica-voce-esta-preparado\/"},"wordCount":458,"publisher":{"@id":"https:\/\/evertectrends.com\/#organization"},"image":{"@id":"https:\/\/evertectrends.com\/pt-br\/seguranca-cibernetica-voce-esta-preparado\/#primaryimage"},"thumbnailUrl":"https:\/\/evertectrends.com\/wp-content\/uploads\/2025\/03\/seguranca_cibernetica.jpg","keywords":["Am\u00e9rica Latina","Chile","Evertec","Evertec Inc","Pagamentos","seguran\u00e7a","seguran\u00e7a cibern\u00e9tica","seguran\u00e7a da informa\u00e7\u00e3o"],"articleSection":["Seguran\u00e7a"],"inLanguage":"pt-BR"},{"@type":"WebPage","@id":"https:\/\/evertectrends.com\/pt-br\/seguranca-cibernetica-voce-esta-preparado\/","url":"https:\/\/evertectrends.com\/pt-br\/seguranca-cibernetica-voce-esta-preparado\/","name":"Seguran\u00e7a cibern\u00e9tica: voc\u00ea est\u00e1 preparado para a batalha que se aproxima? - Evertec Trends","isPartOf":{"@id":"https:\/\/evertectrends.com\/#website"},"primaryImageOfPage":{"@id":"https:\/\/evertectrends.com\/pt-br\/seguranca-cibernetica-voce-esta-preparado\/#primaryimage"},"image":{"@id":"https:\/\/evertectrends.com\/pt-br\/seguranca-cibernetica-voce-esta-preparado\/#primaryimage"},"thumbnailUrl":"https:\/\/evertectrends.com\/wp-content\/uploads\/2025\/03\/seguranca_cibernetica.jpg","datePublished":"2024-10-23T10:00:00+00:00","dateModified":"2025-08-19T14:47:28+00:00","description":"Entenda porque a seguran\u00e7a cibern\u00e9tica deve fazer parte das decis\u00f5es tomadas pelos conselhos de administra\u00e7\u00e3o e pela ger\u00eancia das empresas.","breadcrumb":{"@id":"https:\/\/evertectrends.com\/pt-br\/seguranca-cibernetica-voce-esta-preparado\/#breadcrumb"},"inLanguage":"pt-BR","potentialAction":[{"@type":"ReadAction","target":["https:\/\/evertectrends.com\/pt-br\/seguranca-cibernetica-voce-esta-preparado\/"]}]},{"@type":"ImageObject","inLanguage":"pt-BR","@id":"https:\/\/evertectrends.com\/pt-br\/seguranca-cibernetica-voce-esta-preparado\/#primaryimage","url":"https:\/\/evertectrends.com\/wp-content\/uploads\/2025\/03\/seguranca_cibernetica.jpg","contentUrl":"https:\/\/evertectrends.com\/wp-content\/uploads\/2025\/03\/seguranca_cibernetica.jpg","width":1281,"height":721,"caption":"seguranca-cibernetica"},{"@type":"BreadcrumbList","@id":"https:\/\/evertectrends.com\/pt-br\/seguranca-cibernetica-voce-esta-preparado\/#breadcrumb","itemListElement":[{"@type":"ListItem","position":1,"name":"Home","item":"https:\/\/evertectrends.com\/pt-br\/"},{"@type":"ListItem","position":2,"name":"Seguran\u00e7a","item":"https:\/\/evertectrends.com\/pt-br\/categorias\/seguranca\/"},{"@type":"ListItem","position":3,"name":"Seguran\u00e7a cibern\u00e9tica: voc\u00ea est\u00e1 preparado para a batalha que se aproxima?"}]},{"@type":"WebSite","@id":"https:\/\/evertectrends.com\/#website","url":"https:\/\/evertectrends.com\/","name":"Evertec Trends","description":"As tend\u00eancias de tecnologia para inovar com estrat\u00e9gia","publisher":{"@id":"https:\/\/evertectrends.com\/#organization"},"potentialAction":[{"@type":"SearchAction","target":{"@type":"EntryPoint","urlTemplate":"https:\/\/evertectrends.com\/?s={search_term_string}"},"query-input":{"@type":"PropertyValueSpecification","valueRequired":true,"valueName":"search_term_string"}}],"inLanguage":"pt-BR"},{"@type":"Organization","@id":"https:\/\/evertectrends.com\/#organization","name":"Evertec Trends","url":"https:\/\/evertectrends.com\/","logo":{"@type":"ImageObject","inLanguage":"pt-BR","@id":"https:\/\/evertectrends.com\/#\/schema\/logo\/image\/","url":"https:\/\/evertectrends.com\/wp-content\/uploads\/2024\/06\/evertectrends-sq.png","contentUrl":"https:\/\/evertectrends.com\/wp-content\/uploads\/2024\/06\/evertectrends-sq.png","width":416,"height":417,"caption":"Evertec Trends"},"image":{"@id":"https:\/\/evertectrends.com\/#\/schema\/logo\/image\/"}},{"@type":"Person","@id":"https:\/\/evertectrends.com\/#\/schema\/person\/fb877896ed9c0260075f9fd0c59595ac","name":"Daniel Barba","image":{"@type":"ImageObject","inLanguage":"pt-BR","@id":"https:\/\/secure.gravatar.com\/avatar\/716c5c925eae48f1b94971efb73999659f935180f1d1a9ada58a1f6b0be48ff5?s=96&d=robohash&r=g","url":"https:\/\/secure.gravatar.com\/avatar\/716c5c925eae48f1b94971efb73999659f935180f1d1a9ada58a1f6b0be48ff5?s=96&d=robohash&r=g","contentUrl":"https:\/\/secure.gravatar.com\/avatar\/716c5c925eae48f1b94971efb73999659f935180f1d1a9ada58a1f6b0be48ff5?s=96&d=robohash&r=g","caption":"Daniel Barba"},"sameAs":["https:\/\/www.linkedin.com\/in\/daniel-r-barba\/"],"url":"https:\/\/evertectrends.com\/pt-br\/author\/daniel-barba\/"}]}},"featured_image_url":"https:\/\/evertectrends.com\/wp-content\/uploads\/2025\/03\/seguranca_cibernetica.jpg","primary_category":"Seguran\u00e7a","_links":{"self":[{"href":"https:\/\/evertectrends.com\/pt-br\/wp-json\/wp\/v2\/posts\/55145","targetHints":{"allow":["GET"]}}],"collection":[{"href":"https:\/\/evertectrends.com\/pt-br\/wp-json\/wp\/v2\/posts"}],"about":[{"href":"https:\/\/evertectrends.com\/pt-br\/wp-json\/wp\/v2\/types\/post"}],"author":[{"embeddable":true,"href":"https:\/\/evertectrends.com\/pt-br\/wp-json\/wp\/v2\/users\/32"}],"replies":[{"embeddable":true,"href":"https:\/\/evertectrends.com\/pt-br\/wp-json\/wp\/v2\/comments?post=55145"}],"version-history":[{"count":1,"href":"https:\/\/evertectrends.com\/pt-br\/wp-json\/wp\/v2\/posts\/55145\/revisions"}],"predecessor-version":[{"id":55146,"href":"https:\/\/evertectrends.com\/pt-br\/wp-json\/wp\/v2\/posts\/55145\/revisions\/55146"}],"wp:featuredmedia":[{"embeddable":true,"href":"https:\/\/evertectrends.com\/pt-br\/wp-json\/wp\/v2\/media\/55159"}],"wp:attachment":[{"href":"https:\/\/evertectrends.com\/pt-br\/wp-json\/wp\/v2\/media?parent=55145"}],"wp:term":[{"taxonomy":"category","embeddable":true,"href":"https:\/\/evertectrends.com\/pt-br\/wp-json\/wp\/v2\/categories?post=55145"},{"taxonomy":"post_tag","embeddable":true,"href":"https:\/\/evertectrends.com\/pt-br\/wp-json\/wp\/v2\/tags?post=55145"}],"curies":[{"name":"wp","href":"https:\/\/api.w.org\/{rel}","templated":true}]}}