{"id":55030,"date":"2025-01-23T08:00:00","date_gmt":"2025-01-23T11:00:00","guid":{"rendered":"https:\/\/evertectrends.com\/?p=55030"},"modified":"2025-01-14T08:15:01","modified_gmt":"2025-01-14T11:15:01","slug":"pessoa-de-ia","status":"publish","type":"post","link":"https:\/\/evertectrends.com\/pt-br\/pessoa-de-ia\/","title":{"rendered":"Voc\u00ea pensa como uma pessoa de IA?"},"content":{"rendered":"\n<p><span style=\"font-weight: 400;\">Jeff Lawson, no livro <\/span><i><span style=\"font-weight: 400;\">Ask Your Developer<\/span><\/i><span style=\"font-weight: 400;\"> (&#8220;Pergunte ao Desenvolvedor&#8221;), prop\u00f4s uma ideia provocadora: para prosperar na era digital, precisamos pensar como uma &#8220;pessoa de software&#8221;. O segredo disso est\u00e1 em sempre se perguntar: &#8220;Como o software poderia resolver esse problema?&#8221;. Com isso na cabe\u00e7a entendi que o que precisamos hoje \u00e9 adotar a mentalidade de uma &#8220;<\/span><i><span style=\"font-weight: 400;\">pessoa de IA<\/span><\/i><span style=\"font-weight: 400;\">\u201d! Vem comigo que eu te explico essa viagem da minha cabe\u00e7a.<\/span><\/p>\n<p><span style=\"font-weight: 400;\">Antes de continuarmos \u00e9 importante explicar s\u00f3 uma \u201ccoisinha\u201d: pensar como uma <\/span><i><span style=\"font-weight: 400;\">pessoa de IA<\/span><\/i><span style=\"font-weight: 400;\"> n\u00e3o significa se tornar um especialista t\u00e9cnico ou aprender a programar modelos complexos, estat\u00edstica, redes neurais e etc. Trata-se de uma mudan\u00e7a da forma de pensar. \u00c9 olhar pro cotidiano e pensar, como a IA pode me ajudar? Seja em decis\u00f5es estrat\u00e9gicas no trabalho ou em como enfrentamos desafios pessoais ou sociais. Assim como o software j\u00e1 transformou o mundo, a IA \u00e9 a nova ferramenta que devemos aprender a usar para aumentar a nossa capacidade de resolver problemas.<\/span><\/p>\n<p><span style=\"font-weight: 400;\">No meu artigo \u201c<\/span><a href=\"https:\/\/evertectrends.com\/voce-tem-medo-da-ia-generativa\/\"><i><span style=\"font-weight: 400;\">Voc\u00ea tem medo da IA Generativa?<\/span><\/i><\/a><span style=\"font-weight: 400;\">\u201d, explorei como a chegada de ferramentas de IA pode gerar receios e incertezas. Lembra? Mas, na pr\u00e1tica, o impacto da IA vai al\u00e9m de medos ou fasc\u00ednios: \u00e9 sobre o que podemos construir com ela. Essa mudan\u00e7a s\u00f3 \u00e9 poss\u00edvel quando entendemos o papel transformador que a IA desempenha.<\/span><\/p>\n<h2><span style=\"font-weight: 400;\">Como pensar como uma <\/span><i><span style=\"font-weight: 400;\">pessoa de IA<\/span><\/i><span style=\"font-weight: 400;\">?<\/span><\/h2>\n<p><span style=\"font-weight: 400;\">\u00c9 claro que n\u00e3o \u00e9 s\u00f3 voc\u00ea olhar para as coisas e ficar se perguntando. Essa transi\u00e7\u00e3o envolve algumas caracter\u00edsticas fundamentais. Como:<\/span><\/p>\n<h4>1. Observar com curiosidade e dados<\/h4>\n<p><span style=\"font-weight: 400;\">Uma <\/span><i><span style=\"font-weight: 400;\">pessoa de IA<\/span><\/i><span style=\"font-weight: 400;\"> \u00e9 orientada por perguntas que v\u00e3o al\u00e9m do &#8220;por que&#8221;. Ela busca o &#8220;como&#8221; e o &#8220;o que pode ser melhorado com os dados dispon\u00edveis&#8221;. N\u00e3o \u00e9 sobre confiar cegamente na tecnologia, mas entender que as respostas podem estar em padr\u00f5es que s\u00f3 a IA consegue identificar. Isso \u00e9 muito importante de entender, DADOS s\u00e3o a base da IA, DADOS s\u00e3o o \u201cconhecimento\u201d por tr\u00e1s da IA, se pensar bem DADOS s\u00e3o a base da nossa intelig\u00eancia tamb\u00e9m. Certo?<\/span><\/p>\n<h4>2. Automa\u00e7\u00e3o inteligente, n\u00e3o simplesmente automa\u00e7\u00e3o<\/h4>\n<p><span style=\"font-weight: 400;\">Enquanto a mentalidade de software tem como foco a automa\u00e7\u00e3o de tarefas, a mentalidade de IA vai al\u00e9m: \u00e9 sobre <\/span><a href=\"https:\/\/evertectrends.com\/automacao-inteligente-5-verdades\/\"><span style=\"font-weight: 400;\">automa\u00e7\u00e3o<\/span><\/a> <span style=\"font-weight: 400;\">com aprendizado<\/span><span style=\"font-weight: 400;\">. Pense em solu\u00e7\u00f5es que n\u00e3o apenas realizam a\u00e7\u00f5es, mas que tamb\u00e9m se adaptam com o tempo.<\/span><\/p>\n<h4>3. Colabora\u00e7\u00e3o humano-m\u00e1quina<\/h4>\n<p><span style=\"font-weight: 400;\">N\u00e3o h\u00e1 substitui\u00e7\u00e3o do humano pela IA<\/span><span style=\"font-weight: 400;\">, mas uma sinergia. Uma <\/span><i><span style=\"font-weight: 400;\">pessoa de IA<\/span><\/i><span style=\"font-weight: 400;\"> entende que o poder est\u00e1 em fornecer contexto, criatividade e valores; enquanto a IA contribui com velocidade, escala e precis\u00e3o.<\/span><\/p>\n<h4>4. Adaptabilidade em um mundo em mudan\u00e7a<\/h4>\n<p><span style=\"font-weight: 400;\">A IA \u00e9 fluida e em constante evolu\u00e7\u00e3o. Lembram de como era o GT3? Pensar como uma <\/span><i><span style=\"font-weight: 400;\">pessoa de IA<\/span><\/i><span style=\"font-weight: 400;\"> significa ter uma mentalidade de sempre aprender com a tecnologia e adaptar-se rapidamente a novos cen\u00e1rios.<\/span><\/p>\n<h4>5. Consci\u00eancia \u00e9tica e respons\u00e1vel<\/h4>\n<p><span style=\"font-weight: 400;\">Com grandes poderes v\u00eam grandes responsabilidades. Adotar uma mentalidade de IA requer pensar no impacto das solu\u00e7\u00f5es que criamos: estamos resolvendo problemas ou gerando novos desafios? Estamos respeitando os <\/span><a href=\"https:\/\/evertectrends.com\/ia-responsavel\/\"><span style=\"font-weight: 400;\">limites \u00e9ticos da tecnologia<\/span><\/a><span style=\"font-weight: 400;\">? \u00c9tica \u00e9 uma palavra muito forte e extremamente importante quando trabalhamos com IA.<\/span><\/p>\n<p><span style=\"font-weight: 400;\">A aplica\u00e7\u00e3o da mentalidade de IA n\u00e3o est\u00e1 restrita ao mundo corporativo ou t\u00e9cnico. Ela pode transformar nossa abordagem em diversas esferas:<\/span><\/p>\n<ul>\n<li style=\"font-weight: 400;\" aria-level=\"1\"><b>No trabalho<\/b><span style=\"font-weight: 400;\">: Automatizar processos repetitivos, utilizar chatbots para atendimento ao cliente, aplicar an\u00e1lises preditivas para tomada de decis\u00e3o mais embasada ou criar agentes que ajudar\u00e3o na efici\u00eancia dos times e por consequ\u00eancia da empresa.<\/span><\/li>\n<li style=\"font-weight: 400;\" aria-level=\"1\"><b>Na vida pessoal<\/b><span style=\"font-weight: 400;\">: Usar IA para organizar sua agenda, sugerir rotas de viagem mais eficientes ou at\u00e9 recomendar livros e m\u00fasicas com base nos seus interesses.<\/span><\/li>\n<li style=\"font-weight: 400;\" aria-level=\"1\"><b>Na sociedade<\/b><span style=\"font-weight: 400;\">: Projetos como diagn\u00f3sticos m\u00e9dicos assistidos por IA ou iniciativas para monitoramento ambiental s\u00e3o exemplos poderosos de como a mentalidade de IA pode transformar vidas. Nesse momento quero fazer uma provoca\u00e7\u00e3o: Quantos projetos de IA (generativa ou n\u00e3o) que tem objetivo social de ajudar pessoas vulner\u00e1veis ou minorias voc\u00eas j\u00e1 viram recebendo grandes investimentos?<\/span><\/li>\n<\/ul>\n<h2><span style=\"font-weight: 400;\">Principais desafios<\/span><\/h2>\n<p><span style=\"font-weight: 400;\">Adotar a mentalidade de IA \u00e9 desafiador por v\u00e1rias raz\u00f5es:<\/span><\/p>\n<ul>\n<li style=\"font-weight: 400;\" aria-level=\"1\"><b>Desinforma\u00e7\u00e3o e resist\u00eancia<\/b><span style=\"font-weight: 400;\">: Infelizmente muitos ainda veem a IA como uma amea\u00e7a, em vez de uma ferramenta. Precisamos quebrar rapidamente essa barreira e desmistificar a tecnologia levando o conhecimento para todas as pessoas independente de quaisquer caracter\u00edsticas dessas pessoas.<\/span><\/li>\n<li style=\"font-weight: 400;\" aria-level=\"1\"><b>Educa\u00e7\u00e3o e democratiza\u00e7\u00e3o da IA<\/b><span style=\"font-weight: 400;\">: Assim como aprendemos a pensar digitalmente, \u00e9 necess\u00e1rio um esfor\u00e7o coletivo para que a alfabetiza\u00e7\u00e3o em IA chegue a mais pessoas, n\u00e3o s\u00f3 as que t\u00eam privil\u00e9gios, mas TODAS AS PESSOAS.<\/span><\/li>\n<li style=\"font-weight: 400;\" aria-level=\"1\"><b>\u00c9tica e transpar\u00eancia<\/b><span style=\"font-weight: 400;\">: Lembram da palavra forte que citei anteriormente? Ent\u00e3o pensem comigo: Como evitar vieses nos modelos de IA? Como voc\u00ea evita vieses? Como garantimos que a tecnologia seja usada de forma respons\u00e1vel e inclusiva? Como voc\u00ea garante que est\u00e1 sendo respons\u00e1vel e inclusivo?<\/span><\/li>\n<\/ul>\n<p><span style=\"font-weight: 400;\">Assim como aprender a pensar como uma pessoa de software foi necess\u00e1rio no in\u00edcio da era digital, aprender a pensar como uma <\/span><i><span style=\"font-weight: 400;\">pessoa de IA<\/span><\/i><span style=\"font-weight: 400;\"> \u00e9 fundamental na era da intelig\u00eancia artificial. Essa mudan\u00e7a de mentalidade n\u00e3o acontece de forma instant\u00e2nea, mas aos poucos, conforme experimentamos, testamos, erramos e aprendemos com a tecnologia. No entanto, o primeiro passo \u00e9 adotar uma postura curiosa e proativa: como a IA pode resolver o pr\u00f3ximo problema que voc\u00ea enfrenta?<\/span><\/p>\n<p><b>E a\u00ed, j\u00e1 come\u00e7ou a pensar como uma pessoa de IA?<\/b><\/p>\n","protected":false},"excerpt":{"rendered":"","protected":false},"author":13,"featured_media":55036,"comment_status":"closed","ping_status":"open","sticky":false,"template":"","format":"standard","meta":{"footnotes":""},"categories":[1000],"tags":[596,81,1203],"class_list":["post-55030","post","type-post","status-publish","format-standard","has-post-thumbnail","hentry","category-ia-e-big-data","tag-ia","tag-inteligencia-artificial","tag-pessoa-de-ia"],"yoast_head":"<!-- This site is optimized with the Yoast SEO plugin v27.5 - https:\/\/yoast.com\/product\/yoast-seo-wordpress\/ -->\n<title>Voc\u00ea pensa como uma pessoa de IA? - Evertec Trends<\/title>\n<meta name=\"description\" content=\"Entenda como adotar a mentalidade de uma &quot;pessoa de IA\u201d, olhar pro cotidiano e pensar, como a IA pode me ajudar?\" \/>\n<meta name=\"robots\" content=\"index, follow, max-snippet:-1, max-image-preview:large, max-video-preview:-1\" \/>\n<link rel=\"canonical\" href=\"https:\/\/evertectrends.com\/pessoa-de-ia\/\" \/>\n<meta property=\"og:locale\" content=\"pt_BR\" \/>\n<meta property=\"og:type\" content=\"article\" \/>\n<meta property=\"og:title\" content=\"Voc\u00ea pensa como uma pessoa de IA? - Evertec Trends\" \/>\n<meta property=\"og:description\" content=\"Entenda como adotar a mentalidade de uma &quot;pessoa de IA\u201d, olhar pro cotidiano e pensar, como a IA pode me ajudar?\" \/>\n<meta property=\"og:url\" content=\"https:\/\/evertectrends.com\/pessoa-de-ia\/\" \/>\n<meta property=\"og:site_name\" content=\"Evertec Trends\" \/>\n<meta property=\"article:published_time\" content=\"2025-01-23T11:00:00+00:00\" \/>\n<meta property=\"og:image\" content=\"https:\/\/evertectrends.com\/wp-content\/uploads\/2025\/01\/pessoa-de-ia.jpg\" \/>\n\t<meta property=\"og:image:width\" content=\"1281\" \/>\n\t<meta property=\"og:image:height\" content=\"721\" \/>\n\t<meta property=\"og:image:type\" content=\"image\/jpeg\" \/>\n<meta name=\"author\" content=\"Armando Guimar\u00e3es\" \/>\n<meta name=\"twitter:card\" content=\"summary_large_image\" \/>\n<meta name=\"twitter:label1\" content=\"Escrito por\" \/>\n\t<meta name=\"twitter:data1\" content=\"Armando Guimar\u00e3es\" \/>\n\t<meta name=\"twitter:label2\" content=\"Est. tempo de leitura\" \/>\n\t<meta name=\"twitter:data2\" content=\"6 minutos\" \/>\n<script type=\"application\/ld+json\" class=\"yoast-schema-graph\">{\"@context\":\"https:\\\/\\\/schema.org\",\"@graph\":[{\"@type\":\"Article\",\"@id\":\"https:\\\/\\\/evertectrends.com\\\/pessoa-de-ia\\\/#article\",\"isPartOf\":{\"@id\":\"https:\\\/\\\/evertectrends.com\\\/pessoa-de-ia\\\/\"},\"author\":{\"name\":\"Armando Guimar\u00e3es\",\"@id\":\"https:\\\/\\\/evertectrends.com\\\/#\\\/schema\\\/person\\\/27264f54d65f4353c77f1519b83643e6\"},\"headline\":\"Voc\u00ea pensa como uma pessoa de IA?\",\"datePublished\":\"2025-01-23T11:00:00+00:00\",\"mainEntityOfPage\":{\"@id\":\"https:\\\/\\\/evertectrends.com\\\/pessoa-de-ia\\\/\"},\"wordCount\":949,\"publisher\":{\"@id\":\"https:\\\/\\\/evertectrends.com\\\/#organization\"},\"image\":{\"@id\":\"https:\\\/\\\/evertectrends.com\\\/pessoa-de-ia\\\/#primaryimage\"},\"thumbnailUrl\":\"https:\\\/\\\/evertectrends.com\\\/wp-content\\\/uploads\\\/2025\\\/01\\\/pessoa-de-ia.jpg\",\"keywords\":[\"ia\",\"intelig\u00eancia artificial\",\"pessoa de IA\"],\"articleSection\":[\"IA e Big Data\"],\"inLanguage\":\"pt-BR\"},{\"@type\":\"WebPage\",\"@id\":\"https:\\\/\\\/evertectrends.com\\\/pessoa-de-ia\\\/\",\"url\":\"https:\\\/\\\/evertectrends.com\\\/pessoa-de-ia\\\/\",\"name\":\"Voc\u00ea pensa como uma pessoa de IA? - Evertec Trends\",\"isPartOf\":{\"@id\":\"https:\\\/\\\/evertectrends.com\\\/#website\"},\"primaryImageOfPage\":{\"@id\":\"https:\\\/\\\/evertectrends.com\\\/pessoa-de-ia\\\/#primaryimage\"},\"image\":{\"@id\":\"https:\\\/\\\/evertectrends.com\\\/pessoa-de-ia\\\/#primaryimage\"},\"thumbnailUrl\":\"https:\\\/\\\/evertectrends.com\\\/wp-content\\\/uploads\\\/2025\\\/01\\\/pessoa-de-ia.jpg\",\"datePublished\":\"2025-01-23T11:00:00+00:00\",\"description\":\"Entenda como adotar a mentalidade de uma \\\"pessoa de IA\u201d, olhar pro cotidiano e pensar, como a IA pode me ajudar?\",\"breadcrumb\":{\"@id\":\"https:\\\/\\\/evertectrends.com\\\/pessoa-de-ia\\\/#breadcrumb\"},\"inLanguage\":\"pt-BR\",\"potentialAction\":[{\"@type\":\"ReadAction\",\"target\":[\"https:\\\/\\\/evertectrends.com\\\/pessoa-de-ia\\\/\"]}]},{\"@type\":\"ImageObject\",\"inLanguage\":\"pt-BR\",\"@id\":\"https:\\\/\\\/evertectrends.com\\\/pessoa-de-ia\\\/#primaryimage\",\"url\":\"https:\\\/\\\/evertectrends.com\\\/wp-content\\\/uploads\\\/2025\\\/01\\\/pessoa-de-ia.jpg\",\"contentUrl\":\"https:\\\/\\\/evertectrends.com\\\/wp-content\\\/uploads\\\/2025\\\/01\\\/pessoa-de-ia.jpg\",\"width\":1281,\"height\":721,\"caption\":\"pessoa-de-ia\"},{\"@type\":\"BreadcrumbList\",\"@id\":\"https:\\\/\\\/evertectrends.com\\\/pessoa-de-ia\\\/#breadcrumb\",\"itemListElement\":[{\"@type\":\"ListItem\",\"position\":1,\"name\":\"Home\",\"item\":\"https:\\\/\\\/evertectrends.com\\\/pt-br\\\/\"},{\"@type\":\"ListItem\",\"position\":2,\"name\":\"IA e Big Data\",\"item\":\"https:\\\/\\\/evertectrends.com\\\/categorias\\\/ia-e-big-data\\\/\"},{\"@type\":\"ListItem\",\"position\":3,\"name\":\"Voc\u00ea pensa como uma pessoa de IA?\"}]},{\"@type\":\"WebSite\",\"@id\":\"https:\\\/\\\/evertectrends.com\\\/#website\",\"url\":\"https:\\\/\\\/evertectrends.com\\\/\",\"name\":\"Evertec Trends\",\"description\":\"As tend\u00eancias de tecnologia para inovar com estrat\u00e9gia\",\"publisher\":{\"@id\":\"https:\\\/\\\/evertectrends.com\\\/#organization\"},\"potentialAction\":[{\"@type\":\"SearchAction\",\"target\":{\"@type\":\"EntryPoint\",\"urlTemplate\":\"https:\\\/\\\/evertectrends.com\\\/?s={search_term_string}\"},\"query-input\":{\"@type\":\"PropertyValueSpecification\",\"valueRequired\":true,\"valueName\":\"search_term_string\"}}],\"inLanguage\":\"pt-BR\"},{\"@type\":\"Organization\",\"@id\":\"https:\\\/\\\/evertectrends.com\\\/#organization\",\"name\":\"Evertec Trends\",\"url\":\"https:\\\/\\\/evertectrends.com\\\/\",\"logo\":{\"@type\":\"ImageObject\",\"inLanguage\":\"pt-BR\",\"@id\":\"https:\\\/\\\/evertectrends.com\\\/#\\\/schema\\\/logo\\\/image\\\/\",\"url\":\"https:\\\/\\\/evertectrends.com\\\/wp-content\\\/uploads\\\/2024\\\/06\\\/evertectrends-sq.png\",\"contentUrl\":\"https:\\\/\\\/evertectrends.com\\\/wp-content\\\/uploads\\\/2024\\\/06\\\/evertectrends-sq.png\",\"width\":416,\"height\":417,\"caption\":\"Evertec Trends\"},\"image\":{\"@id\":\"https:\\\/\\\/evertectrends.com\\\/#\\\/schema\\\/logo\\\/image\\\/\"}},{\"@type\":\"Person\",\"@id\":\"https:\\\/\\\/evertectrends.com\\\/#\\\/schema\\\/person\\\/27264f54d65f4353c77f1519b83643e6\",\"name\":\"Armando Guimar\u00e3es\",\"image\":{\"@type\":\"ImageObject\",\"inLanguage\":\"pt-BR\",\"@id\":\"https:\\\/\\\/secure.gravatar.com\\\/avatar\\\/986dd9a79a03a33e68b551e898137441fcc6b22c5600d7b09d2cc8fa3dc8da59?s=96&d=robohash&r=g\",\"url\":\"https:\\\/\\\/secure.gravatar.com\\\/avatar\\\/986dd9a79a03a33e68b551e898137441fcc6b22c5600d7b09d2cc8fa3dc8da59?s=96&d=robohash&r=g\",\"contentUrl\":\"https:\\\/\\\/secure.gravatar.com\\\/avatar\\\/986dd9a79a03a33e68b551e898137441fcc6b22c5600d7b09d2cc8fa3dc8da59?s=96&d=robohash&r=g\",\"caption\":\"Armando Guimar\u00e3es\"},\"sameAs\":[\"https:\\\/\\\/www.linkedin.com\\\/in\\\/armandojr\\\/\"],\"url\":\"https:\\\/\\\/evertectrends.com\\\/pt-br\\\/author\\\/armando-guimaraes\\\/\"}]}<\/script>\n<!-- \/ Yoast SEO plugin. -->","yoast_head_json":{"title":"Voc\u00ea pensa como uma pessoa de IA? - Evertec Trends","description":"Entenda como adotar a mentalidade de uma \"pessoa de IA\u201d, olhar pro cotidiano e pensar, como a IA pode me ajudar?","robots":{"index":"index","follow":"follow","max-snippet":"max-snippet:-1","max-image-preview":"max-image-preview:large","max-video-preview":"max-video-preview:-1"},"canonical":"https:\/\/evertectrends.com\/pessoa-de-ia\/","og_locale":"pt_BR","og_type":"article","og_title":"Voc\u00ea pensa como uma pessoa de IA? - Evertec Trends","og_description":"Entenda como adotar a mentalidade de uma \"pessoa de IA\u201d, olhar pro cotidiano e pensar, como a IA pode me ajudar?","og_url":"https:\/\/evertectrends.com\/pessoa-de-ia\/","og_site_name":"Evertec Trends","article_published_time":"2025-01-23T11:00:00+00:00","og_image":[{"width":1281,"height":721,"url":"https:\/\/evertectrends.com\/wp-content\/uploads\/2025\/01\/pessoa-de-ia.jpg","type":"image\/jpeg"}],"author":"Armando Guimar\u00e3es","twitter_card":"summary_large_image","twitter_misc":{"Escrito por":"Armando Guimar\u00e3es","Est. tempo de leitura":"6 minutos"},"schema":{"@context":"https:\/\/schema.org","@graph":[{"@type":"Article","@id":"https:\/\/evertectrends.com\/pessoa-de-ia\/#article","isPartOf":{"@id":"https:\/\/evertectrends.com\/pessoa-de-ia\/"},"author":{"name":"Armando Guimar\u00e3es","@id":"https:\/\/evertectrends.com\/#\/schema\/person\/27264f54d65f4353c77f1519b83643e6"},"headline":"Voc\u00ea pensa como uma pessoa de IA?","datePublished":"2025-01-23T11:00:00+00:00","mainEntityOfPage":{"@id":"https:\/\/evertectrends.com\/pessoa-de-ia\/"},"wordCount":949,"publisher":{"@id":"https:\/\/evertectrends.com\/#organization"},"image":{"@id":"https:\/\/evertectrends.com\/pessoa-de-ia\/#primaryimage"},"thumbnailUrl":"https:\/\/evertectrends.com\/wp-content\/uploads\/2025\/01\/pessoa-de-ia.jpg","keywords":["ia","intelig\u00eancia artificial","pessoa de IA"],"articleSection":["IA e Big Data"],"inLanguage":"pt-BR"},{"@type":"WebPage","@id":"https:\/\/evertectrends.com\/pessoa-de-ia\/","url":"https:\/\/evertectrends.com\/pessoa-de-ia\/","name":"Voc\u00ea pensa como uma pessoa de IA? - Evertec Trends","isPartOf":{"@id":"https:\/\/evertectrends.com\/#website"},"primaryImageOfPage":{"@id":"https:\/\/evertectrends.com\/pessoa-de-ia\/#primaryimage"},"image":{"@id":"https:\/\/evertectrends.com\/pessoa-de-ia\/#primaryimage"},"thumbnailUrl":"https:\/\/evertectrends.com\/wp-content\/uploads\/2025\/01\/pessoa-de-ia.jpg","datePublished":"2025-01-23T11:00:00+00:00","description":"Entenda como adotar a mentalidade de uma \"pessoa de IA\u201d, olhar pro cotidiano e pensar, como a IA pode me ajudar?","breadcrumb":{"@id":"https:\/\/evertectrends.com\/pessoa-de-ia\/#breadcrumb"},"inLanguage":"pt-BR","potentialAction":[{"@type":"ReadAction","target":["https:\/\/evertectrends.com\/pessoa-de-ia\/"]}]},{"@type":"ImageObject","inLanguage":"pt-BR","@id":"https:\/\/evertectrends.com\/pessoa-de-ia\/#primaryimage","url":"https:\/\/evertectrends.com\/wp-content\/uploads\/2025\/01\/pessoa-de-ia.jpg","contentUrl":"https:\/\/evertectrends.com\/wp-content\/uploads\/2025\/01\/pessoa-de-ia.jpg","width":1281,"height":721,"caption":"pessoa-de-ia"},{"@type":"BreadcrumbList","@id":"https:\/\/evertectrends.com\/pessoa-de-ia\/#breadcrumb","itemListElement":[{"@type":"ListItem","position":1,"name":"Home","item":"https:\/\/evertectrends.com\/pt-br\/"},{"@type":"ListItem","position":2,"name":"IA e Big Data","item":"https:\/\/evertectrends.com\/categorias\/ia-e-big-data\/"},{"@type":"ListItem","position":3,"name":"Voc\u00ea pensa como uma pessoa de IA?"}]},{"@type":"WebSite","@id":"https:\/\/evertectrends.com\/#website","url":"https:\/\/evertectrends.com\/","name":"Evertec Trends","description":"As tend\u00eancias de tecnologia para inovar com estrat\u00e9gia","publisher":{"@id":"https:\/\/evertectrends.com\/#organization"},"potentialAction":[{"@type":"SearchAction","target":{"@type":"EntryPoint","urlTemplate":"https:\/\/evertectrends.com\/?s={search_term_string}"},"query-input":{"@type":"PropertyValueSpecification","valueRequired":true,"valueName":"search_term_string"}}],"inLanguage":"pt-BR"},{"@type":"Organization","@id":"https:\/\/evertectrends.com\/#organization","name":"Evertec Trends","url":"https:\/\/evertectrends.com\/","logo":{"@type":"ImageObject","inLanguage":"pt-BR","@id":"https:\/\/evertectrends.com\/#\/schema\/logo\/image\/","url":"https:\/\/evertectrends.com\/wp-content\/uploads\/2024\/06\/evertectrends-sq.png","contentUrl":"https:\/\/evertectrends.com\/wp-content\/uploads\/2024\/06\/evertectrends-sq.png","width":416,"height":417,"caption":"Evertec Trends"},"image":{"@id":"https:\/\/evertectrends.com\/#\/schema\/logo\/image\/"}},{"@type":"Person","@id":"https:\/\/evertectrends.com\/#\/schema\/person\/27264f54d65f4353c77f1519b83643e6","name":"Armando Guimar\u00e3es","image":{"@type":"ImageObject","inLanguage":"pt-BR","@id":"https:\/\/secure.gravatar.com\/avatar\/986dd9a79a03a33e68b551e898137441fcc6b22c5600d7b09d2cc8fa3dc8da59?s=96&d=robohash&r=g","url":"https:\/\/secure.gravatar.com\/avatar\/986dd9a79a03a33e68b551e898137441fcc6b22c5600d7b09d2cc8fa3dc8da59?s=96&d=robohash&r=g","contentUrl":"https:\/\/secure.gravatar.com\/avatar\/986dd9a79a03a33e68b551e898137441fcc6b22c5600d7b09d2cc8fa3dc8da59?s=96&d=robohash&r=g","caption":"Armando Guimar\u00e3es"},"sameAs":["https:\/\/www.linkedin.com\/in\/armandojr\/"],"url":"https:\/\/evertectrends.com\/pt-br\/author\/armando-guimaraes\/"}]}},"featured_image_url":"https:\/\/evertectrends.com\/wp-content\/uploads\/2025\/01\/pessoa-de-ia.jpg","primary_category":"IA e Big Data","_links":{"self":[{"href":"https:\/\/evertectrends.com\/pt-br\/wp-json\/wp\/v2\/posts\/55030","targetHints":{"allow":["GET"]}}],"collection":[{"href":"https:\/\/evertectrends.com\/pt-br\/wp-json\/wp\/v2\/posts"}],"about":[{"href":"https:\/\/evertectrends.com\/pt-br\/wp-json\/wp\/v2\/types\/post"}],"author":[{"embeddable":true,"href":"https:\/\/evertectrends.com\/pt-br\/wp-json\/wp\/v2\/users\/13"}],"replies":[{"embeddable":true,"href":"https:\/\/evertectrends.com\/pt-br\/wp-json\/wp\/v2\/comments?post=55030"}],"version-history":[{"count":2,"href":"https:\/\/evertectrends.com\/pt-br\/wp-json\/wp\/v2\/posts\/55030\/revisions"}],"predecessor-version":[{"id":55033,"href":"https:\/\/evertectrends.com\/pt-br\/wp-json\/wp\/v2\/posts\/55030\/revisions\/55033"}],"wp:featuredmedia":[{"embeddable":true,"href":"https:\/\/evertectrends.com\/pt-br\/wp-json\/wp\/v2\/media\/55036"}],"wp:attachment":[{"href":"https:\/\/evertectrends.com\/pt-br\/wp-json\/wp\/v2\/media?parent=55030"}],"wp:term":[{"taxonomy":"category","embeddable":true,"href":"https:\/\/evertectrends.com\/pt-br\/wp-json\/wp\/v2\/categories?post=55030"},{"taxonomy":"post_tag","embeddable":true,"href":"https:\/\/evertectrends.com\/pt-br\/wp-json\/wp\/v2\/tags?post=55030"}],"curies":[{"name":"wp","href":"https:\/\/api.w.org\/{rel}","templated":true}]}}