{"id":54552,"date":"2024-08-19T08:00:00","date_gmt":"2024-08-19T11:00:00","guid":{"rendered":"https:\/\/evertectrends.com\/?p=54552"},"modified":"2024-08-16T16:19:18","modified_gmt":"2024-08-16T19:19:18","slug":"caminho-carreira-tecnica","status":"publish","type":"post","link":"https:\/\/evertectrends.com\/pt-br\/caminho-carreira-tecnica\/","title":{"rendered":"Voc\u00ea sabe qual o caminho a percorrer na sua carreira t\u00e9cnica?"},"content":{"rendered":"\n<p>Acho que \u00e9 un\u00e2nime que ter uma vis\u00e3o clara da carreira t\u00e9cnica dentro de uma empresa \u00e9 fundamental, certo? Qual estagi\u00e1rio n\u00e3o quer saber exatamente o que precisa aprender para evoluir dentro da empresa e alcan\u00e7ar os cargos mais altos, seja na \u00e1rea t\u00e9cnica ou na gest\u00e3o? Ou se ele deve seguir a carreira de gest\u00e3o de pessoas ou continuar na \u00e1rea t\u00e9cnica? (Nota mental: escrever sobre a import\u00e2ncia da carreira em Y).<\/p>\n\n\n\n<p>No ambiente din\u00e2mico de uma empresa de desenvolvimento, essa clareza se torna ainda mais crucial. J\u00e1 vi profissionais t\u00e9cnicos migrarem para o comercial, tornarem-se Product Owners, diretores, ou at\u00e9 transitar da infraestrutura para o desenvolvimento. Com tantas possibilidades, a clareza na descri\u00e7\u00e3o da carreira t\u00e9cnica \u00e9 essencial para o crescimento profissional e o sucesso organizacional. Definir com precis\u00e3o os pap\u00e9is e responsabilidades das carreiras n\u00e3o s\u00f3 orienta o desenvolvimento individual, mas tamb\u00e9m fortalece o alinhamento entre as equipes.<\/p>\n\n\n\n<p>Uma descri\u00e7\u00e3o detalhada das carreiras t\u00e9cnicas deve ser clara e acess\u00edvel, permitindo que todas as pessoas envolvidas compreendam as expectativas e os requisitos de cada posi\u00e7\u00e3o. Isso inclui desde as compet\u00eancias t\u00e9cnicas at\u00e9 os soft skills, que, hoje em dia, s\u00e3o inegoci\u00e1veis para cargos mais seniores.<\/p>\n\n\n\n<p><strong>Mas a\u00ed eu te pergunto: Onde voc\u00ea trabalha, existe uma defini\u00e7\u00e3o clara da carreira t\u00e9cnica? E se houver, o que est\u00e1 descrito faz sentido?<\/strong><\/p>\n\n\n\n<p>Aqui na Evertec\/Sinqia, n\u00f3s temos! E falo isso com orgulho.<\/p>\n\n\n\n<p>Na Evertec\/Sinqia, as carreiras t\u00e9cnicas seguem o modelo em Y, permitindo transi\u00e7\u00f5es entre as &#8220;perninhas&#8221; desde que a pessoa desenvolva as habilidades necess\u00e1rias e assuma as responsabilidades associadas. Nossa abordagem inclusiva considera todos os envolvidos na Engenharia de Software, n\u00e3o apenas os desenvolvedores. Descrevemos detalhadamente as carreiras em Produto, Desenvolvimento, Design, Qualidade, Agilidade, Cloud, Data, DevOps e SRE, come\u00e7ando no n\u00edvel 1. Antes que a pessoa possa escolher sua &#8220;perninha&#8221; no Y, h\u00e1 5 n\u00edveis muito bem definidos, abordando fun\u00e7\u00f5es, atividades principais, responsabilidades, autonomia e soft skills. Al\u00e9m desses, h\u00e1 mais 3 n\u00edveis de gest\u00e3o ou especialista, igualmente detalhados. Esses n\u00edveis das \u201cperninhas\u201d do Y s\u00e3o equivalentes em termos de progress\u00e3o de carreira na Evertec\/Sinqia. \u00c9 importante tamb\u00e9m definir quais pap\u00e9is cada fun\u00e7\u00e3o pode assumir, como um especialista em desenvolvimento que pode atuar como Arquiteto ou L\u00edder T\u00e9cnico. Todas essas informa\u00e7\u00f5es est\u00e3o documentadas e acess\u00edveis para que as pessoas possam consultar e opinar.<\/p>\n\n\n\n<p>Mas esse documento n\u00e3o serve apenas para tra\u00e7ar o caminho de carreira. Ele tamb\u00e9m nos d\u00e1 uma vis\u00e3o clara das necessidades ao abrir uma vaga, facilitando o uso de IA Generativa para apoiar essa atividade. Al\u00e9m disso, ele apoia as pessoas na cria\u00e7\u00e3o de seus PDIs e ajuda as lideran\u00e7as a acompanhar a evolu\u00e7\u00e3o das equipes. O que isso resulta? Em um maior engajamento das pessoas da Engenharia!<\/p>\n\n\n\n<p>Isso \u00e9 apenas uma parte da Engineering Experience na Evertec\/Sinqia.<\/p>\n\n\n\n<p>Se voc\u00ea est\u00e1 pensando em criar uma descri\u00e7\u00e3o de carreira na sua empresa, aqui vai uma dica: escreva par\u00e1grafos curtos e t\u00f3picos bem definidos. Isso torna o documento \u00fatil tanto para iniciantes quanto para aqueles que buscam progress\u00e3o na carreira.<\/p>\n\n\n\n<p>A descri\u00e7\u00e3o detalhada e bem elaborada da carreira t\u00e9cnica \u00e9 uma ferramenta poderosa para o desenvolvimento profissional e o sucesso organizacional. Ela orienta as trajet\u00f3rias profissionais, fortalece a estrutura organizacional e alinha todos em dire\u00e7\u00e3o aos objetivos comuns. Em um mundo de tecnologia em constante evolu\u00e7\u00e3o, investir em descri\u00e7\u00f5es claras e motivadoras \u00e9 fundamental para garantir engajamento, competitividade e inova\u00e7\u00e3o.<\/p>\n\n\n","protected":false},"excerpt":{"rendered":"<p>Acho que \u00e9 un\u00e2nime que ter uma vis\u00e3o clara da carreira t\u00e9cnica dentro de uma empresa \u00e9 fundamental, certo? Qual estagi\u00e1rio n\u00e3o quer saber exatamente o que precisa aprender para evoluir dentro da empresa e alcan\u00e7ar os cargos mais altos, seja na \u00e1rea t\u00e9cnica ou na gest\u00e3o? Ou se ele deve seguir a carreira de [&hellip;]<\/p>\n","protected":false},"author":13,"featured_media":42702,"comment_status":"closed","ping_status":"open","sticky":false,"template":"","format":"standard","meta":{"footnotes":""},"categories":[998],"tags":[1122,1123,8],"class_list":["post-54552","post","type-post","status-publish","format-standard","has-post-thumbnail","hentry","category-tech-e-trends","tag-carreira","tag-engenharia","tag-tecnologia"],"yoast_head":"<!-- This site is optimized with the Yoast SEO plugin v27.5 - https:\/\/yoast.com\/product\/yoast-seo-wordpress\/ -->\n<title>Voc\u00ea sabe qual o caminho a percorrer na sua carreira t\u00e9cnica? - Evertec Trends<\/title>\n<meta name=\"description\" content=\"Ter uma vis\u00e3o clara da sua carreira t\u00e9cnica \u00e9 fundamental. A descri\u00e7\u00e3o detalhada da trajet\u00f3ria profissional \u00e9 essencial para o sucesso. Saiba mais!\" \/>\n<meta name=\"robots\" content=\"index, follow, max-snippet:-1, max-image-preview:large, max-video-preview:-1\" \/>\n<link rel=\"canonical\" href=\"https:\/\/evertectrends.com\/caminho-carreira-tecnica\/\" \/>\n<meta property=\"og:locale\" content=\"pt_BR\" \/>\n<meta property=\"og:type\" content=\"article\" \/>\n<meta property=\"og:title\" content=\"Voc\u00ea sabe qual o caminho a percorrer na sua carreira t\u00e9cnica? - Evertec Trends\" \/>\n<meta property=\"og:description\" content=\"Ter uma vis\u00e3o clara da sua carreira t\u00e9cnica \u00e9 fundamental. A descri\u00e7\u00e3o detalhada da trajet\u00f3ria profissional \u00e9 essencial para o sucesso. Saiba mais!\" \/>\n<meta property=\"og:url\" content=\"https:\/\/evertectrends.com\/caminho-carreira-tecnica\/\" \/>\n<meta property=\"og:site_name\" content=\"Evertec Trends\" \/>\n<meta property=\"article:published_time\" content=\"2024-08-19T11:00:00+00:00\" \/>\n<meta property=\"og:image\" content=\"https:\/\/evertectrends.com\/wp-content\/uploads\/2023\/05\/humanizacao-no-atendimento-aos-inadimplentes-jpg.webp\" \/>\n\t<meta property=\"og:image:width\" content=\"900\" \/>\n\t<meta property=\"og:image:height\" content=\"448\" \/>\n\t<meta property=\"og:image:type\" content=\"image\/jpeg\" \/>\n<meta name=\"author\" content=\"Armando Guimar\u00e3es\" \/>\n<meta name=\"twitter:card\" content=\"summary_large_image\" \/>\n<meta name=\"twitter:label1\" content=\"Escrito por\" \/>\n\t<meta name=\"twitter:data1\" content=\"Armando Guimar\u00e3es\" \/>\n\t<meta name=\"twitter:label2\" content=\"Est. tempo de leitura\" \/>\n\t<meta name=\"twitter:data2\" content=\"4 minutos\" \/>\n<script type=\"application\/ld+json\" class=\"yoast-schema-graph\">{\"@context\":\"https:\\\/\\\/schema.org\",\"@graph\":[{\"@type\":\"Article\",\"@id\":\"https:\\\/\\\/evertectrends.com\\\/caminho-carreira-tecnica\\\/#article\",\"isPartOf\":{\"@id\":\"https:\\\/\\\/evertectrends.com\\\/caminho-carreira-tecnica\\\/\"},\"author\":{\"name\":\"Armando Guimar\u00e3es\",\"@id\":\"https:\\\/\\\/evertectrends.com\\\/#\\\/schema\\\/person\\\/27264f54d65f4353c77f1519b83643e6\"},\"headline\":\"Voc\u00ea sabe qual o caminho a percorrer na sua carreira t\u00e9cnica?\",\"datePublished\":\"2024-08-19T11:00:00+00:00\",\"mainEntityOfPage\":{\"@id\":\"https:\\\/\\\/evertectrends.com\\\/caminho-carreira-tecnica\\\/\"},\"wordCount\":639,\"publisher\":{\"@id\":\"https:\\\/\\\/evertectrends.com\\\/#organization\"},\"image\":{\"@id\":\"https:\\\/\\\/evertectrends.com\\\/caminho-carreira-tecnica\\\/#primaryimage\"},\"thumbnailUrl\":\"https:\\\/\\\/evertectrends.com\\\/wp-content\\\/uploads\\\/2023\\\/05\\\/humanizacao-no-atendimento-aos-inadimplentes-jpg.webp\",\"keywords\":[\"Carreira\",\"Engenharia\",\"Tecnologia\"],\"articleSection\":[\"Tech e Trends\"],\"inLanguage\":\"pt-BR\"},{\"@type\":\"WebPage\",\"@id\":\"https:\\\/\\\/evertectrends.com\\\/caminho-carreira-tecnica\\\/\",\"url\":\"https:\\\/\\\/evertectrends.com\\\/caminho-carreira-tecnica\\\/\",\"name\":\"Voc\u00ea sabe qual o caminho a percorrer na sua carreira t\u00e9cnica? - Evertec Trends\",\"isPartOf\":{\"@id\":\"https:\\\/\\\/evertectrends.com\\\/#website\"},\"primaryImageOfPage\":{\"@id\":\"https:\\\/\\\/evertectrends.com\\\/caminho-carreira-tecnica\\\/#primaryimage\"},\"image\":{\"@id\":\"https:\\\/\\\/evertectrends.com\\\/caminho-carreira-tecnica\\\/#primaryimage\"},\"thumbnailUrl\":\"https:\\\/\\\/evertectrends.com\\\/wp-content\\\/uploads\\\/2023\\\/05\\\/humanizacao-no-atendimento-aos-inadimplentes-jpg.webp\",\"datePublished\":\"2024-08-19T11:00:00+00:00\",\"description\":\"Ter uma vis\u00e3o clara da sua carreira t\u00e9cnica \u00e9 fundamental. A descri\u00e7\u00e3o detalhada da trajet\u00f3ria profissional \u00e9 essencial para o sucesso. Saiba mais!\",\"breadcrumb\":{\"@id\":\"https:\\\/\\\/evertectrends.com\\\/caminho-carreira-tecnica\\\/#breadcrumb\"},\"inLanguage\":\"pt-BR\",\"potentialAction\":[{\"@type\":\"ReadAction\",\"target\":[\"https:\\\/\\\/evertectrends.com\\\/caminho-carreira-tecnica\\\/\"]}]},{\"@type\":\"ImageObject\",\"inLanguage\":\"pt-BR\",\"@id\":\"https:\\\/\\\/evertectrends.com\\\/caminho-carreira-tecnica\\\/#primaryimage\",\"url\":\"https:\\\/\\\/evertectrends.com\\\/wp-content\\\/uploads\\\/2023\\\/05\\\/humanizacao-no-atendimento-aos-inadimplentes-jpg.webp\",\"contentUrl\":\"https:\\\/\\\/evertectrends.com\\\/wp-content\\\/uploads\\\/2023\\\/05\\\/humanizacao-no-atendimento-aos-inadimplentes-jpg.webp\",\"width\":900,\"height\":448,\"caption\":\"humanizacao-no atendimento-aos-inadimplentes\"},{\"@type\":\"BreadcrumbList\",\"@id\":\"https:\\\/\\\/evertectrends.com\\\/caminho-carreira-tecnica\\\/#breadcrumb\",\"itemListElement\":[{\"@type\":\"ListItem\",\"position\":1,\"name\":\"Home\",\"item\":\"https:\\\/\\\/evertectrends.com\\\/pt-br\\\/\"},{\"@type\":\"ListItem\",\"position\":2,\"name\":\"Tech e Trends\",\"item\":\"https:\\\/\\\/evertectrends.com\\\/categorias\\\/tech-e-trends\\\/\"},{\"@type\":\"ListItem\",\"position\":3,\"name\":\"Voc\u00ea sabe qual o caminho a percorrer na sua carreira t\u00e9cnica?\"}]},{\"@type\":\"WebSite\",\"@id\":\"https:\\\/\\\/evertectrends.com\\\/#website\",\"url\":\"https:\\\/\\\/evertectrends.com\\\/\",\"name\":\"Evertec Trends\",\"description\":\"As tend\u00eancias de tecnologia para inovar com estrat\u00e9gia\",\"publisher\":{\"@id\":\"https:\\\/\\\/evertectrends.com\\\/#organization\"},\"potentialAction\":[{\"@type\":\"SearchAction\",\"target\":{\"@type\":\"EntryPoint\",\"urlTemplate\":\"https:\\\/\\\/evertectrends.com\\\/?s={search_term_string}\"},\"query-input\":{\"@type\":\"PropertyValueSpecification\",\"valueRequired\":true,\"valueName\":\"search_term_string\"}}],\"inLanguage\":\"pt-BR\"},{\"@type\":\"Organization\",\"@id\":\"https:\\\/\\\/evertectrends.com\\\/#organization\",\"name\":\"Evertec Trends\",\"url\":\"https:\\\/\\\/evertectrends.com\\\/\",\"logo\":{\"@type\":\"ImageObject\",\"inLanguage\":\"pt-BR\",\"@id\":\"https:\\\/\\\/evertectrends.com\\\/#\\\/schema\\\/logo\\\/image\\\/\",\"url\":\"https:\\\/\\\/evertectrends.com\\\/wp-content\\\/uploads\\\/2024\\\/06\\\/evertectrends-sq.png\",\"contentUrl\":\"https:\\\/\\\/evertectrends.com\\\/wp-content\\\/uploads\\\/2024\\\/06\\\/evertectrends-sq.png\",\"width\":416,\"height\":417,\"caption\":\"Evertec Trends\"},\"image\":{\"@id\":\"https:\\\/\\\/evertectrends.com\\\/#\\\/schema\\\/logo\\\/image\\\/\"}},{\"@type\":\"Person\",\"@id\":\"https:\\\/\\\/evertectrends.com\\\/#\\\/schema\\\/person\\\/27264f54d65f4353c77f1519b83643e6\",\"name\":\"Armando Guimar\u00e3es\",\"image\":{\"@type\":\"ImageObject\",\"inLanguage\":\"pt-BR\",\"@id\":\"https:\\\/\\\/secure.gravatar.com\\\/avatar\\\/986dd9a79a03a33e68b551e898137441fcc6b22c5600d7b09d2cc8fa3dc8da59?s=96&d=robohash&r=g\",\"url\":\"https:\\\/\\\/secure.gravatar.com\\\/avatar\\\/986dd9a79a03a33e68b551e898137441fcc6b22c5600d7b09d2cc8fa3dc8da59?s=96&d=robohash&r=g\",\"contentUrl\":\"https:\\\/\\\/secure.gravatar.com\\\/avatar\\\/986dd9a79a03a33e68b551e898137441fcc6b22c5600d7b09d2cc8fa3dc8da59?s=96&d=robohash&r=g\",\"caption\":\"Armando Guimar\u00e3es\"},\"sameAs\":[\"https:\\\/\\\/www.linkedin.com\\\/in\\\/armandojr\\\/\"],\"url\":\"https:\\\/\\\/evertectrends.com\\\/pt-br\\\/author\\\/armando-guimaraes\\\/\"}]}<\/script>\n<!-- \/ Yoast SEO plugin. -->","yoast_head_json":{"title":"Voc\u00ea sabe qual o caminho a percorrer na sua carreira t\u00e9cnica? - Evertec Trends","description":"Ter uma vis\u00e3o clara da sua carreira t\u00e9cnica \u00e9 fundamental. A descri\u00e7\u00e3o detalhada da trajet\u00f3ria profissional \u00e9 essencial para o sucesso. Saiba mais!","robots":{"index":"index","follow":"follow","max-snippet":"max-snippet:-1","max-image-preview":"max-image-preview:large","max-video-preview":"max-video-preview:-1"},"canonical":"https:\/\/evertectrends.com\/caminho-carreira-tecnica\/","og_locale":"pt_BR","og_type":"article","og_title":"Voc\u00ea sabe qual o caminho a percorrer na sua carreira t\u00e9cnica? - Evertec Trends","og_description":"Ter uma vis\u00e3o clara da sua carreira t\u00e9cnica \u00e9 fundamental. A descri\u00e7\u00e3o detalhada da trajet\u00f3ria profissional \u00e9 essencial para o sucesso. Saiba mais!","og_url":"https:\/\/evertectrends.com\/caminho-carreira-tecnica\/","og_site_name":"Evertec Trends","article_published_time":"2024-08-19T11:00:00+00:00","og_image":[{"width":900,"height":448,"url":"https:\/\/evertectrends.com\/wp-content\/uploads\/2023\/05\/humanizacao-no-atendimento-aos-inadimplentes-jpg.webp","type":"image\/jpeg"}],"author":"Armando Guimar\u00e3es","twitter_card":"summary_large_image","twitter_misc":{"Escrito por":"Armando Guimar\u00e3es","Est. tempo de leitura":"4 minutos"},"schema":{"@context":"https:\/\/schema.org","@graph":[{"@type":"Article","@id":"https:\/\/evertectrends.com\/caminho-carreira-tecnica\/#article","isPartOf":{"@id":"https:\/\/evertectrends.com\/caminho-carreira-tecnica\/"},"author":{"name":"Armando Guimar\u00e3es","@id":"https:\/\/evertectrends.com\/#\/schema\/person\/27264f54d65f4353c77f1519b83643e6"},"headline":"Voc\u00ea sabe qual o caminho a percorrer na sua carreira t\u00e9cnica?","datePublished":"2024-08-19T11:00:00+00:00","mainEntityOfPage":{"@id":"https:\/\/evertectrends.com\/caminho-carreira-tecnica\/"},"wordCount":639,"publisher":{"@id":"https:\/\/evertectrends.com\/#organization"},"image":{"@id":"https:\/\/evertectrends.com\/caminho-carreira-tecnica\/#primaryimage"},"thumbnailUrl":"https:\/\/evertectrends.com\/wp-content\/uploads\/2023\/05\/humanizacao-no-atendimento-aos-inadimplentes-jpg.webp","keywords":["Carreira","Engenharia","Tecnologia"],"articleSection":["Tech e Trends"],"inLanguage":"pt-BR"},{"@type":"WebPage","@id":"https:\/\/evertectrends.com\/caminho-carreira-tecnica\/","url":"https:\/\/evertectrends.com\/caminho-carreira-tecnica\/","name":"Voc\u00ea sabe qual o caminho a percorrer na sua carreira t\u00e9cnica? - Evertec Trends","isPartOf":{"@id":"https:\/\/evertectrends.com\/#website"},"primaryImageOfPage":{"@id":"https:\/\/evertectrends.com\/caminho-carreira-tecnica\/#primaryimage"},"image":{"@id":"https:\/\/evertectrends.com\/caminho-carreira-tecnica\/#primaryimage"},"thumbnailUrl":"https:\/\/evertectrends.com\/wp-content\/uploads\/2023\/05\/humanizacao-no-atendimento-aos-inadimplentes-jpg.webp","datePublished":"2024-08-19T11:00:00+00:00","description":"Ter uma vis\u00e3o clara da sua carreira t\u00e9cnica \u00e9 fundamental. A descri\u00e7\u00e3o detalhada da trajet\u00f3ria profissional \u00e9 essencial para o sucesso. Saiba mais!","breadcrumb":{"@id":"https:\/\/evertectrends.com\/caminho-carreira-tecnica\/#breadcrumb"},"inLanguage":"pt-BR","potentialAction":[{"@type":"ReadAction","target":["https:\/\/evertectrends.com\/caminho-carreira-tecnica\/"]}]},{"@type":"ImageObject","inLanguage":"pt-BR","@id":"https:\/\/evertectrends.com\/caminho-carreira-tecnica\/#primaryimage","url":"https:\/\/evertectrends.com\/wp-content\/uploads\/2023\/05\/humanizacao-no-atendimento-aos-inadimplentes-jpg.webp","contentUrl":"https:\/\/evertectrends.com\/wp-content\/uploads\/2023\/05\/humanizacao-no-atendimento-aos-inadimplentes-jpg.webp","width":900,"height":448,"caption":"humanizacao-no atendimento-aos-inadimplentes"},{"@type":"BreadcrumbList","@id":"https:\/\/evertectrends.com\/caminho-carreira-tecnica\/#breadcrumb","itemListElement":[{"@type":"ListItem","position":1,"name":"Home","item":"https:\/\/evertectrends.com\/pt-br\/"},{"@type":"ListItem","position":2,"name":"Tech e Trends","item":"https:\/\/evertectrends.com\/categorias\/tech-e-trends\/"},{"@type":"ListItem","position":3,"name":"Voc\u00ea sabe qual o caminho a percorrer na sua carreira t\u00e9cnica?"}]},{"@type":"WebSite","@id":"https:\/\/evertectrends.com\/#website","url":"https:\/\/evertectrends.com\/","name":"Evertec Trends","description":"As tend\u00eancias de tecnologia para inovar com estrat\u00e9gia","publisher":{"@id":"https:\/\/evertectrends.com\/#organization"},"potentialAction":[{"@type":"SearchAction","target":{"@type":"EntryPoint","urlTemplate":"https:\/\/evertectrends.com\/?s={search_term_string}"},"query-input":{"@type":"PropertyValueSpecification","valueRequired":true,"valueName":"search_term_string"}}],"inLanguage":"pt-BR"},{"@type":"Organization","@id":"https:\/\/evertectrends.com\/#organization","name":"Evertec Trends","url":"https:\/\/evertectrends.com\/","logo":{"@type":"ImageObject","inLanguage":"pt-BR","@id":"https:\/\/evertectrends.com\/#\/schema\/logo\/image\/","url":"https:\/\/evertectrends.com\/wp-content\/uploads\/2024\/06\/evertectrends-sq.png","contentUrl":"https:\/\/evertectrends.com\/wp-content\/uploads\/2024\/06\/evertectrends-sq.png","width":416,"height":417,"caption":"Evertec Trends"},"image":{"@id":"https:\/\/evertectrends.com\/#\/schema\/logo\/image\/"}},{"@type":"Person","@id":"https:\/\/evertectrends.com\/#\/schema\/person\/27264f54d65f4353c77f1519b83643e6","name":"Armando Guimar\u00e3es","image":{"@type":"ImageObject","inLanguage":"pt-BR","@id":"https:\/\/secure.gravatar.com\/avatar\/986dd9a79a03a33e68b551e898137441fcc6b22c5600d7b09d2cc8fa3dc8da59?s=96&d=robohash&r=g","url":"https:\/\/secure.gravatar.com\/avatar\/986dd9a79a03a33e68b551e898137441fcc6b22c5600d7b09d2cc8fa3dc8da59?s=96&d=robohash&r=g","contentUrl":"https:\/\/secure.gravatar.com\/avatar\/986dd9a79a03a33e68b551e898137441fcc6b22c5600d7b09d2cc8fa3dc8da59?s=96&d=robohash&r=g","caption":"Armando Guimar\u00e3es"},"sameAs":["https:\/\/www.linkedin.com\/in\/armandojr\/"],"url":"https:\/\/evertectrends.com\/pt-br\/author\/armando-guimaraes\/"}]}},"featured_image_url":"https:\/\/evertectrends.com\/wp-content\/uploads\/2023\/05\/humanizacao-no-atendimento-aos-inadimplentes-jpg.webp","primary_category":"Tech e Trends","_links":{"self":[{"href":"https:\/\/evertectrends.com\/pt-br\/wp-json\/wp\/v2\/posts\/54552","targetHints":{"allow":["GET"]}}],"collection":[{"href":"https:\/\/evertectrends.com\/pt-br\/wp-json\/wp\/v2\/posts"}],"about":[{"href":"https:\/\/evertectrends.com\/pt-br\/wp-json\/wp\/v2\/types\/post"}],"author":[{"embeddable":true,"href":"https:\/\/evertectrends.com\/pt-br\/wp-json\/wp\/v2\/users\/13"}],"replies":[{"embeddable":true,"href":"https:\/\/evertectrends.com\/pt-br\/wp-json\/wp\/v2\/comments?post=54552"}],"version-history":[{"count":2,"href":"https:\/\/evertectrends.com\/pt-br\/wp-json\/wp\/v2\/posts\/54552\/revisions"}],"predecessor-version":[{"id":54554,"href":"https:\/\/evertectrends.com\/pt-br\/wp-json\/wp\/v2\/posts\/54552\/revisions\/54554"}],"wp:featuredmedia":[{"embeddable":true,"href":"https:\/\/evertectrends.com\/pt-br\/wp-json\/wp\/v2\/media\/42702"}],"wp:attachment":[{"href":"https:\/\/evertectrends.com\/pt-br\/wp-json\/wp\/v2\/media?parent=54552"}],"wp:term":[{"taxonomy":"category","embeddable":true,"href":"https:\/\/evertectrends.com\/pt-br\/wp-json\/wp\/v2\/categories?post=54552"},{"taxonomy":"post_tag","embeddable":true,"href":"https:\/\/evertectrends.com\/pt-br\/wp-json\/wp\/v2\/tags?post=54552"}],"curies":[{"name":"wp","href":"https:\/\/api.w.org\/{rel}","templated":true}]}}