{"id":49210,"date":"2024-11-04T09:00:00","date_gmt":"2024-11-04T12:00:00","guid":{"rendered":"https:\/\/trends.sinqia.com.br\/relatorio-de-transparencia-e-igualdade-salarial\/"},"modified":"2025-08-19T11:00:52","modified_gmt":"2025-08-19T14:00:52","slug":"relatorio-de-transparencia-e-igualdade-salarial","status":"publish","type":"post","link":"https:\/\/evertectrends.com\/pt-br\/relatorio-de-transparencia-e-igualdade-salarial\/","title":{"rendered":"Sinqia divulga Relat\u00f3rio de Transpar\u00eancia e Igualdade Salarial"},"content":{"rendered":"<p><span style=\"font-weight: 400;\">No dia 08 de outubro, <\/span><span style=\"font-weight: 400;\">a <\/span><a href=\"https:\/\/sinqia.com.br\/\"><span style=\"font-weight: 400;\">Sinqia<\/span><\/a><span style=\"font-weight: 400;\">, l\u00edder em solu\u00e7\u00f5es tecnol\u00f3gicas para o setor financeiro, atualizou seu<\/span> <strong>Relat\u00f3rio de Transpar\u00eancia e Igualdade Salarial<\/strong><span style=\"font-weight: 400;\">. Os dados s\u00e3o referentes ao e-social desde 2023.\u00a0<\/span><\/p>\n<p><span style=\"font-weight: 400;\">Revelando dados detalhados sobre a <\/span><b>distribui\u00e7\u00e3o salarial <\/b><span style=\"font-weight: 400;\">em toda a organiza\u00e7\u00e3o, a Sinqia demonstra seu compromisso com a transpar\u00eancia referente \u00e0 igualdade de remunera\u00e7\u00e3o entre g\u00eaneros e grupos diversos.<\/span><\/p>\n<h2><b>Panorama do Relat\u00f3rio de Transpar\u00eancia e Igualdade Salarial<\/b><\/h2>\n<p><span style=\"font-weight: 400;\">Os dados a seguir s\u00e3o referentes diretamente aos funcion\u00e1rios da <\/span><b>Sinqia SA<\/b><span style=\"font-weight: 400;\">.<\/span><\/p>\n<p><span style=\"font-weight: 400;\">O relat\u00f3rio indica que h\u00e1 diferen\u00e7as nos sal\u00e1rios entre homens e mulheres na empresa. O sal\u00e1rio mediano das mulheres equivale a 73,7% do sal\u00e1rio dos homens, enquanto o sal\u00e1rio m\u00e9dio equivale a 86,5%.<\/span><\/p>\n<p><img fetchpriority=\"high\" decoding=\"async\" class=\"aligncenter wp-image-54871 size-full\" src=\"https:\/\/evertectrends.com\/wp-content\/uploads\/2024\/05\/Diferenca_Salario_F_M.png\" alt=\"diferenca-salario-f-m\" width=\"966\" height=\"431\" srcset=\"https:\/\/evertectrends.com\/wp-content\/uploads\/2024\/05\/Diferenca_Salario_F_M.png 966w, https:\/\/evertectrends.com\/wp-content\/uploads\/2024\/05\/Diferenca_Salario_F_M-300x134.png 300w, https:\/\/evertectrends.com\/wp-content\/uploads\/2024\/05\/Diferenca_Salario_F_M-768x343.png 768w\" sizes=\"(max-width: 966px) 100vw, 966px\" \/><\/p>\n<p><img decoding=\"async\" class=\"aligncenter wp-image-54875 size-full\" src=\"https:\/\/evertectrends.com\/wp-content\/uploads\/2024\/05\/Grupo_Ocupacao_F_M.png\" alt=\"grupo-ocupacao\" width=\"901\" height=\"433\" srcset=\"https:\/\/evertectrends.com\/wp-content\/uploads\/2024\/05\/Grupo_Ocupacao_F_M.png 901w, https:\/\/evertectrends.com\/wp-content\/uploads\/2024\/05\/Grupo_Ocupacao_F_M-300x144.png 300w, https:\/\/evertectrends.com\/wp-content\/uploads\/2024\/05\/Grupo_Ocupacao_F_M-768x369.png 768w\" sizes=\"(max-width: 901px) 100vw, 901px\" \/><\/p>\n<p><span style=\"font-weight: 400;\">Elementos que podem explicar as diferen\u00e7as salariais incluem a composi\u00e7\u00e3o do total de empregados por <\/span><b>sexo<\/b><span style=\"font-weight: 400;\">, <\/span><b>etnia <\/b><span style=\"font-weight: 400;\">e <\/span><b>ra\u00e7a<\/b><span style=\"font-weight: 400;\">, bem como crit\u00e9rios de remunera\u00e7\u00e3o e a\u00e7\u00f5es para <\/span><strong>garantir diversidade<\/strong><span style=\"font-weight: 400;\">.<\/span><\/p>\n<p><img decoding=\"async\" class=\"aligncenter wp-image-54874 size-full\" src=\"https:\/\/evertectrends.com\/wp-content\/uploads\/2024\/05\/Etnia_Raca_F_M.png\" alt=\"diversidade\" width=\"949\" height=\"428\" srcset=\"https:\/\/evertectrends.com\/wp-content\/uploads\/2024\/05\/Etnia_Raca_F_M.png 949w, https:\/\/evertectrends.com\/wp-content\/uploads\/2024\/05\/Etnia_Raca_F_M-300x135.png 300w, https:\/\/evertectrends.com\/wp-content\/uploads\/2024\/05\/Etnia_Raca_F_M-768x346.png 768w\" sizes=\"(max-width: 949px) 100vw, 949px\" \/><\/p>\n<p><span style=\"font-weight: 400;\">Em rela\u00e7\u00e3o aos crit\u00e9rios de remunera\u00e7\u00e3o, s\u00e3o mencionados v\u00e1rios aspectos, como plano de cargos e sal\u00e1rios, cumprimento de metas, disponibilidade para horas extras, tempo de experi\u00eancia profissional, entre outros.<\/span><\/p>\n<p><img loading=\"lazy\" decoding=\"async\" class=\"aligncenter wp-image-54872 size-full\" src=\"https:\/\/evertectrends.com\/wp-content\/uploads\/2024\/05\/Criterios_Remunatorios.png\" alt=\"criterios-remuneracao\" width=\"964\" height=\"360\" srcset=\"https:\/\/evertectrends.com\/wp-content\/uploads\/2024\/05\/Criterios_Remunatorios.png 964w, https:\/\/evertectrends.com\/wp-content\/uploads\/2024\/05\/Criterios_Remunatorios-300x112.png 300w, https:\/\/evertectrends.com\/wp-content\/uploads\/2024\/05\/Criterios_Remunatorios-768x287.png 768w\" sizes=\"(max-width: 964px) 100vw, 964px\" \/><\/p>\n<p><span style=\"font-weight: 400;\">Em termos de a\u00e7\u00f5es para aumentar a diversidade, a empresa implementou <\/span><strong>iniciativas<\/strong> <span style=\"font-weight: 400;\">como apoio ao compartilhamento de obriga\u00e7\u00f5es familiares para ambos os sexos, pol\u00edticas de contrata\u00e7\u00e3o para grupos espec\u00edficos de mulheres (negras, com defici\u00eancia, em situa\u00e7\u00e3o de viol\u00eancia, chefes de fam\u00edlia, LGBTQIA+), e pol\u00edticas de promo\u00e7\u00e3o de mulheres para cargos de lideran\u00e7a.<\/span><\/p>\n<p><img loading=\"lazy\" decoding=\"async\" class=\"aligncenter wp-image-54873 size-full\" src=\"https:\/\/evertectrends.com\/wp-content\/uploads\/2024\/05\/Diversidade.png\" alt=\"diversidade\" width=\"961\" height=\"191\" srcset=\"https:\/\/evertectrends.com\/wp-content\/uploads\/2024\/05\/Diversidade.png 961w, https:\/\/evertectrends.com\/wp-content\/uploads\/2024\/05\/Diversidade-300x60.png 300w, https:\/\/evertectrends.com\/wp-content\/uploads\/2024\/05\/Diversidade-768x153.png 768w\" sizes=\"(max-width: 961px) 100vw, 961px\" \/><\/p>\n<p>Para conferir os <span style=\"font-weight: 400;\">dados referentes aos funcion\u00e1rios da <\/span><b>Sinqia Tecnologia, basta clicar <a href=\"https:\/\/evertectrends.com\/wp-content\/uploads\/2024\/11\/Sinqia-Tec-Relatorio-de-Transparencia-e-Igualdade-Salarial-2o-Ciclo-de-2024-1.pdf\">AQUI<\/a>.<\/b><\/p>\n<h2><strong>Compromissos ESG<\/strong><\/h2>\n<p>Al\u00e9m do Relat\u00f3rio de Transpar\u00eancia e Igualdade Salarial, a Sinqia tamb\u00e9m possui um <a href=\"https:\/\/sinqia.com.br\/2023\/10\/09\/sinqia-relatorio-sustentabilidade\/\"><strong>Relat\u00f3rio Anual de Sustentabilidade<\/strong><\/a>. O documento est\u00e1 estruturado para fornecer uma vis\u00e3o abrangente das iniciativas da Sinqia que geram impacto em colaboradores, clientes, investidores e outros p\u00fablicos de interesse.<\/p>\n","protected":false},"excerpt":{"rendered":"<p>No dia 08 de outubro, a Sinqia, l\u00edder em solu\u00e7\u00f5es tecnol\u00f3gicas para o setor financeiro, atualizou seu Relat\u00f3rio de Transpar\u00eancia e Igualdade Salarial. Os dados s\u00e3o referentes ao e-social desde 2023.\u00a0 Revelando dados detalhados sobre a distribui\u00e7\u00e3o salarial em toda a organiza\u00e7\u00e3o, a Sinqia demonstra seu compromisso com a transpar\u00eancia referente \u00e0 igualdade de remunera\u00e7\u00e3o [&hellip;]<\/p>\n","protected":false},"author":9,"featured_media":50027,"comment_status":"closed","ping_status":"closed","sticky":false,"template":"","format":"standard","meta":{"footnotes":""},"categories":[1002],"tags":[229,232,2420,1100,1165,538],"class_list":["post-49210","post","type-post","status-publish","format-standard","has-post-thumbnail","hentry","category-artigos-evertec","tag-analise-de-dados","tag-dados","tag-evertec-pt-br","tag-relatorio","tag-relatorio-de-transparencia-e-igualdade-salarial","tag-sinqia"],"yoast_head":"<!-- This site is optimized with the Yoast SEO plugin v27.5 - https:\/\/yoast.com\/product\/yoast-seo-wordpress\/ -->\n<title>Sinqia divulga Relat\u00f3rio de Transpar\u00eancia e Igualdade Salarial - Evertec Trends<\/title>\n<meta name=\"description\" content=\"Acesse e confira na \u00edntegra o Relat\u00f3rio de Transpar\u00eancia e Igualdade Salarial divulgado pela Sinqia.\" \/>\n<meta name=\"robots\" content=\"index, follow, max-snippet:-1, max-image-preview:large, max-video-preview:-1\" \/>\n<link rel=\"canonical\" href=\"https:\/\/evertectrends.com\/pt-br\/relatorio-de-transparencia-e-igualdade-salarial\/\" \/>\n<meta property=\"og:locale\" content=\"pt_BR\" \/>\n<meta property=\"og:type\" content=\"article\" \/>\n<meta property=\"og:title\" content=\"Sinqia divulga Relat\u00f3rio de Transpar\u00eancia e Igualdade Salarial - Evertec Trends\" \/>\n<meta property=\"og:description\" content=\"Acesse e confira na \u00edntegra o Relat\u00f3rio de Transpar\u00eancia e Igualdade Salarial divulgado pela Sinqia.\" \/>\n<meta property=\"og:url\" content=\"https:\/\/evertectrends.com\/pt-br\/relatorio-de-transparencia-e-igualdade-salarial\/\" \/>\n<meta property=\"og:site_name\" content=\"Evertec Trends\" \/>\n<meta property=\"article:published_time\" content=\"2024-11-04T12:00:00+00:00\" \/>\n<meta property=\"article:modified_time\" content=\"2025-08-19T14:00:52+00:00\" \/>\n<meta property=\"og:image\" content=\"https:\/\/evertectrends.com\/wp-content\/uploads\/2024\/05\/Relatorio-transparencia.png\" \/>\n\t<meta property=\"og:image:width\" content=\"1201\" \/>\n\t<meta property=\"og:image:height\" content=\"631\" \/>\n\t<meta property=\"og:image:type\" content=\"image\/png\" \/>\n<meta name=\"author\" content=\"Evertec Trends\" \/>\n<meta name=\"twitter:card\" content=\"summary_large_image\" \/>\n<meta name=\"twitter:label1\" content=\"Escrito por\" \/>\n\t<meta name=\"twitter:data1\" content=\"Evertec Trends\" \/>\n\t<meta name=\"twitter:label2\" content=\"Est. tempo de leitura\" \/>\n\t<meta name=\"twitter:data2\" content=\"3 minutos\" \/>\n<script type=\"application\/ld+json\" class=\"yoast-schema-graph\">{\"@context\":\"https:\\\/\\\/schema.org\",\"@graph\":[{\"@type\":\"Article\",\"@id\":\"https:\\\/\\\/evertectrends.com\\\/pt-br\\\/relatorio-de-transparencia-e-igualdade-salarial\\\/#article\",\"isPartOf\":{\"@id\":\"https:\\\/\\\/evertectrends.com\\\/pt-br\\\/relatorio-de-transparencia-e-igualdade-salarial\\\/\"},\"author\":{\"name\":\"Evertec Trends\",\"@id\":\"https:\\\/\\\/evertectrends.com\\\/#\\\/schema\\\/person\\\/07899642d9e4667697b7b0463442d054\"},\"headline\":\"Sinqia divulga Relat\u00f3rio de Transpar\u00eancia e Igualdade Salarial\",\"datePublished\":\"2024-11-04T12:00:00+00:00\",\"dateModified\":\"2025-08-19T14:00:52+00:00\",\"mainEntityOfPage\":{\"@id\":\"https:\\\/\\\/evertectrends.com\\\/pt-br\\\/relatorio-de-transparencia-e-igualdade-salarial\\\/\"},\"wordCount\":340,\"publisher\":{\"@id\":\"https:\\\/\\\/evertectrends.com\\\/#organization\"},\"image\":{\"@id\":\"https:\\\/\\\/evertectrends.com\\\/pt-br\\\/relatorio-de-transparencia-e-igualdade-salarial\\\/#primaryimage\"},\"thumbnailUrl\":\"https:\\\/\\\/evertectrends.com\\\/wp-content\\\/uploads\\\/2024\\\/05\\\/Relatorio-transparencia.png\",\"keywords\":[\"an\u00e1lise de dados\",\"dados\",\"Evertec\",\"relat\u00f3rio\",\"relat\u00f3rio de transpar\u00eancia e igualdade salarial\",\"sinqia\"],\"articleSection\":[\"Evertec\"],\"inLanguage\":\"pt-BR\"},{\"@type\":\"WebPage\",\"@id\":\"https:\\\/\\\/evertectrends.com\\\/pt-br\\\/relatorio-de-transparencia-e-igualdade-salarial\\\/\",\"url\":\"https:\\\/\\\/evertectrends.com\\\/pt-br\\\/relatorio-de-transparencia-e-igualdade-salarial\\\/\",\"name\":\"Sinqia divulga Relat\u00f3rio de Transpar\u00eancia e Igualdade Salarial - Evertec Trends\",\"isPartOf\":{\"@id\":\"https:\\\/\\\/evertectrends.com\\\/#website\"},\"primaryImageOfPage\":{\"@id\":\"https:\\\/\\\/evertectrends.com\\\/pt-br\\\/relatorio-de-transparencia-e-igualdade-salarial\\\/#primaryimage\"},\"image\":{\"@id\":\"https:\\\/\\\/evertectrends.com\\\/pt-br\\\/relatorio-de-transparencia-e-igualdade-salarial\\\/#primaryimage\"},\"thumbnailUrl\":\"https:\\\/\\\/evertectrends.com\\\/wp-content\\\/uploads\\\/2024\\\/05\\\/Relatorio-transparencia.png\",\"datePublished\":\"2024-11-04T12:00:00+00:00\",\"dateModified\":\"2025-08-19T14:00:52+00:00\",\"description\":\"Acesse e confira na \u00edntegra o Relat\u00f3rio de Transpar\u00eancia e Igualdade Salarial divulgado pela Sinqia.\",\"breadcrumb\":{\"@id\":\"https:\\\/\\\/evertectrends.com\\\/pt-br\\\/relatorio-de-transparencia-e-igualdade-salarial\\\/#breadcrumb\"},\"inLanguage\":\"pt-BR\",\"potentialAction\":[{\"@type\":\"ReadAction\",\"target\":[\"https:\\\/\\\/evertectrends.com\\\/pt-br\\\/relatorio-de-transparencia-e-igualdade-salarial\\\/\"]}]},{\"@type\":\"ImageObject\",\"inLanguage\":\"pt-BR\",\"@id\":\"https:\\\/\\\/evertectrends.com\\\/pt-br\\\/relatorio-de-transparencia-e-igualdade-salarial\\\/#primaryimage\",\"url\":\"https:\\\/\\\/evertectrends.com\\\/wp-content\\\/uploads\\\/2024\\\/05\\\/Relatorio-transparencia.png\",\"contentUrl\":\"https:\\\/\\\/evertectrends.com\\\/wp-content\\\/uploads\\\/2024\\\/05\\\/Relatorio-transparencia.png\",\"width\":1201,\"height\":631},{\"@type\":\"BreadcrumbList\",\"@id\":\"https:\\\/\\\/evertectrends.com\\\/pt-br\\\/relatorio-de-transparencia-e-igualdade-salarial\\\/#breadcrumb\",\"itemListElement\":[{\"@type\":\"ListItem\",\"position\":1,\"name\":\"Home\",\"item\":\"https:\\\/\\\/evertectrends.com\\\/pt-br\\\/\"},{\"@type\":\"ListItem\",\"position\":2,\"name\":\"Evertec\",\"item\":\"https:\\\/\\\/evertectrends.com\\\/pt-br\\\/categorias\\\/artigos-evertec\\\/\"},{\"@type\":\"ListItem\",\"position\":3,\"name\":\"Sinqia divulga Relat\u00f3rio de Transpar\u00eancia e Igualdade Salarial\"}]},{\"@type\":\"WebSite\",\"@id\":\"https:\\\/\\\/evertectrends.com\\\/#website\",\"url\":\"https:\\\/\\\/evertectrends.com\\\/\",\"name\":\"Evertec Trends\",\"description\":\"As tend\u00eancias de tecnologia para inovar com estrat\u00e9gia\",\"publisher\":{\"@id\":\"https:\\\/\\\/evertectrends.com\\\/#organization\"},\"potentialAction\":[{\"@type\":\"SearchAction\",\"target\":{\"@type\":\"EntryPoint\",\"urlTemplate\":\"https:\\\/\\\/evertectrends.com\\\/?s={search_term_string}\"},\"query-input\":{\"@type\":\"PropertyValueSpecification\",\"valueRequired\":true,\"valueName\":\"search_term_string\"}}],\"inLanguage\":\"pt-BR\"},{\"@type\":\"Organization\",\"@id\":\"https:\\\/\\\/evertectrends.com\\\/#organization\",\"name\":\"Evertec Trends\",\"url\":\"https:\\\/\\\/evertectrends.com\\\/\",\"logo\":{\"@type\":\"ImageObject\",\"inLanguage\":\"pt-BR\",\"@id\":\"https:\\\/\\\/evertectrends.com\\\/#\\\/schema\\\/logo\\\/image\\\/\",\"url\":\"https:\\\/\\\/evertectrends.com\\\/wp-content\\\/uploads\\\/2024\\\/06\\\/evertectrends-sq.png\",\"contentUrl\":\"https:\\\/\\\/evertectrends.com\\\/wp-content\\\/uploads\\\/2024\\\/06\\\/evertectrends-sq.png\",\"width\":416,\"height\":417,\"caption\":\"Evertec Trends\"},\"image\":{\"@id\":\"https:\\\/\\\/evertectrends.com\\\/#\\\/schema\\\/logo\\\/image\\\/\"}},{\"@type\":\"Person\",\"@id\":\"https:\\\/\\\/evertectrends.com\\\/#\\\/schema\\\/person\\\/07899642d9e4667697b7b0463442d054\",\"name\":\"Evertec Trends\",\"image\":{\"@type\":\"ImageObject\",\"inLanguage\":\"pt-BR\",\"@id\":\"https:\\\/\\\/secure.gravatar.com\\\/avatar\\\/f46217c56c100deb166f67953efa3f81077701bca98a102e48544095d631803d?s=96&d=robohash&r=g\",\"url\":\"https:\\\/\\\/secure.gravatar.com\\\/avatar\\\/f46217c56c100deb166f67953efa3f81077701bca98a102e48544095d631803d?s=96&d=robohash&r=g\",\"contentUrl\":\"https:\\\/\\\/secure.gravatar.com\\\/avatar\\\/f46217c56c100deb166f67953efa3f81077701bca98a102e48544095d631803d?s=96&d=robohash&r=g\",\"caption\":\"Evertec Trends\"},\"description\":\"Mais que um portal de conte\u00fados, um ponto de encontro para quem quer desvendar o setor financeiro.\",\"sameAs\":[\"https:\\\/\\\/www.instagram.com\\\/evertecinc\",\"https:\\\/\\\/www.linkedin.com\\\/company\\\/evertec\\\/\"],\"url\":\"https:\\\/\\\/evertectrends.com\\\/pt-br\\\/author\\\/evertectrends\\\/\"}]}<\/script>\n<!-- \/ Yoast SEO plugin. -->","yoast_head_json":{"title":"Sinqia divulga Relat\u00f3rio de Transpar\u00eancia e Igualdade Salarial - Evertec Trends","description":"Acesse e confira na \u00edntegra o Relat\u00f3rio de Transpar\u00eancia e Igualdade Salarial divulgado pela Sinqia.","robots":{"index":"index","follow":"follow","max-snippet":"max-snippet:-1","max-image-preview":"max-image-preview:large","max-video-preview":"max-video-preview:-1"},"canonical":"https:\/\/evertectrends.com\/pt-br\/relatorio-de-transparencia-e-igualdade-salarial\/","og_locale":"pt_BR","og_type":"article","og_title":"Sinqia divulga Relat\u00f3rio de Transpar\u00eancia e Igualdade Salarial - Evertec Trends","og_description":"Acesse e confira na \u00edntegra o Relat\u00f3rio de Transpar\u00eancia e Igualdade Salarial divulgado pela Sinqia.","og_url":"https:\/\/evertectrends.com\/pt-br\/relatorio-de-transparencia-e-igualdade-salarial\/","og_site_name":"Evertec Trends","article_published_time":"2024-11-04T12:00:00+00:00","article_modified_time":"2025-08-19T14:00:52+00:00","og_image":[{"width":1201,"height":631,"url":"https:\/\/evertectrends.com\/wp-content\/uploads\/2024\/05\/Relatorio-transparencia.png","type":"image\/png"}],"author":"Evertec Trends","twitter_card":"summary_large_image","twitter_misc":{"Escrito por":"Evertec Trends","Est. tempo de leitura":"3 minutos"},"schema":{"@context":"https:\/\/schema.org","@graph":[{"@type":"Article","@id":"https:\/\/evertectrends.com\/pt-br\/relatorio-de-transparencia-e-igualdade-salarial\/#article","isPartOf":{"@id":"https:\/\/evertectrends.com\/pt-br\/relatorio-de-transparencia-e-igualdade-salarial\/"},"author":{"name":"Evertec Trends","@id":"https:\/\/evertectrends.com\/#\/schema\/person\/07899642d9e4667697b7b0463442d054"},"headline":"Sinqia divulga Relat\u00f3rio de Transpar\u00eancia e Igualdade Salarial","datePublished":"2024-11-04T12:00:00+00:00","dateModified":"2025-08-19T14:00:52+00:00","mainEntityOfPage":{"@id":"https:\/\/evertectrends.com\/pt-br\/relatorio-de-transparencia-e-igualdade-salarial\/"},"wordCount":340,"publisher":{"@id":"https:\/\/evertectrends.com\/#organization"},"image":{"@id":"https:\/\/evertectrends.com\/pt-br\/relatorio-de-transparencia-e-igualdade-salarial\/#primaryimage"},"thumbnailUrl":"https:\/\/evertectrends.com\/wp-content\/uploads\/2024\/05\/Relatorio-transparencia.png","keywords":["an\u00e1lise de dados","dados","Evertec","relat\u00f3rio","relat\u00f3rio de transpar\u00eancia e igualdade salarial","sinqia"],"articleSection":["Evertec"],"inLanguage":"pt-BR"},{"@type":"WebPage","@id":"https:\/\/evertectrends.com\/pt-br\/relatorio-de-transparencia-e-igualdade-salarial\/","url":"https:\/\/evertectrends.com\/pt-br\/relatorio-de-transparencia-e-igualdade-salarial\/","name":"Sinqia divulga Relat\u00f3rio de Transpar\u00eancia e Igualdade Salarial - Evertec Trends","isPartOf":{"@id":"https:\/\/evertectrends.com\/#website"},"primaryImageOfPage":{"@id":"https:\/\/evertectrends.com\/pt-br\/relatorio-de-transparencia-e-igualdade-salarial\/#primaryimage"},"image":{"@id":"https:\/\/evertectrends.com\/pt-br\/relatorio-de-transparencia-e-igualdade-salarial\/#primaryimage"},"thumbnailUrl":"https:\/\/evertectrends.com\/wp-content\/uploads\/2024\/05\/Relatorio-transparencia.png","datePublished":"2024-11-04T12:00:00+00:00","dateModified":"2025-08-19T14:00:52+00:00","description":"Acesse e confira na \u00edntegra o Relat\u00f3rio de Transpar\u00eancia e Igualdade Salarial divulgado pela Sinqia.","breadcrumb":{"@id":"https:\/\/evertectrends.com\/pt-br\/relatorio-de-transparencia-e-igualdade-salarial\/#breadcrumb"},"inLanguage":"pt-BR","potentialAction":[{"@type":"ReadAction","target":["https:\/\/evertectrends.com\/pt-br\/relatorio-de-transparencia-e-igualdade-salarial\/"]}]},{"@type":"ImageObject","inLanguage":"pt-BR","@id":"https:\/\/evertectrends.com\/pt-br\/relatorio-de-transparencia-e-igualdade-salarial\/#primaryimage","url":"https:\/\/evertectrends.com\/wp-content\/uploads\/2024\/05\/Relatorio-transparencia.png","contentUrl":"https:\/\/evertectrends.com\/wp-content\/uploads\/2024\/05\/Relatorio-transparencia.png","width":1201,"height":631},{"@type":"BreadcrumbList","@id":"https:\/\/evertectrends.com\/pt-br\/relatorio-de-transparencia-e-igualdade-salarial\/#breadcrumb","itemListElement":[{"@type":"ListItem","position":1,"name":"Home","item":"https:\/\/evertectrends.com\/pt-br\/"},{"@type":"ListItem","position":2,"name":"Evertec","item":"https:\/\/evertectrends.com\/pt-br\/categorias\/artigos-evertec\/"},{"@type":"ListItem","position":3,"name":"Sinqia divulga Relat\u00f3rio de Transpar\u00eancia e Igualdade Salarial"}]},{"@type":"WebSite","@id":"https:\/\/evertectrends.com\/#website","url":"https:\/\/evertectrends.com\/","name":"Evertec Trends","description":"As tend\u00eancias de tecnologia para inovar com estrat\u00e9gia","publisher":{"@id":"https:\/\/evertectrends.com\/#organization"},"potentialAction":[{"@type":"SearchAction","target":{"@type":"EntryPoint","urlTemplate":"https:\/\/evertectrends.com\/?s={search_term_string}"},"query-input":{"@type":"PropertyValueSpecification","valueRequired":true,"valueName":"search_term_string"}}],"inLanguage":"pt-BR"},{"@type":"Organization","@id":"https:\/\/evertectrends.com\/#organization","name":"Evertec Trends","url":"https:\/\/evertectrends.com\/","logo":{"@type":"ImageObject","inLanguage":"pt-BR","@id":"https:\/\/evertectrends.com\/#\/schema\/logo\/image\/","url":"https:\/\/evertectrends.com\/wp-content\/uploads\/2024\/06\/evertectrends-sq.png","contentUrl":"https:\/\/evertectrends.com\/wp-content\/uploads\/2024\/06\/evertectrends-sq.png","width":416,"height":417,"caption":"Evertec Trends"},"image":{"@id":"https:\/\/evertectrends.com\/#\/schema\/logo\/image\/"}},{"@type":"Person","@id":"https:\/\/evertectrends.com\/#\/schema\/person\/07899642d9e4667697b7b0463442d054","name":"Evertec Trends","image":{"@type":"ImageObject","inLanguage":"pt-BR","@id":"https:\/\/secure.gravatar.com\/avatar\/f46217c56c100deb166f67953efa3f81077701bca98a102e48544095d631803d?s=96&d=robohash&r=g","url":"https:\/\/secure.gravatar.com\/avatar\/f46217c56c100deb166f67953efa3f81077701bca98a102e48544095d631803d?s=96&d=robohash&r=g","contentUrl":"https:\/\/secure.gravatar.com\/avatar\/f46217c56c100deb166f67953efa3f81077701bca98a102e48544095d631803d?s=96&d=robohash&r=g","caption":"Evertec Trends"},"description":"Mais que um portal de conte\u00fados, um ponto de encontro para quem quer desvendar o setor financeiro.","sameAs":["https:\/\/www.instagram.com\/evertecinc","https:\/\/www.linkedin.com\/company\/evertec\/"],"url":"https:\/\/evertectrends.com\/pt-br\/author\/evertectrends\/"}]}},"featured_image_url":"https:\/\/evertectrends.com\/wp-content\/uploads\/2024\/05\/Relatorio-transparencia.png","primary_category":"Evertec","_links":{"self":[{"href":"https:\/\/evertectrends.com\/pt-br\/wp-json\/wp\/v2\/posts\/49210","targetHints":{"allow":["GET"]}}],"collection":[{"href":"https:\/\/evertectrends.com\/pt-br\/wp-json\/wp\/v2\/posts"}],"about":[{"href":"https:\/\/evertectrends.com\/pt-br\/wp-json\/wp\/v2\/types\/post"}],"author":[{"embeddable":true,"href":"https:\/\/evertectrends.com\/pt-br\/wp-json\/wp\/v2\/users\/9"}],"replies":[{"embeddable":true,"href":"https:\/\/evertectrends.com\/pt-br\/wp-json\/wp\/v2\/comments?post=49210"}],"version-history":[{"count":14,"href":"https:\/\/evertectrends.com\/pt-br\/wp-json\/wp\/v2\/posts\/49210\/revisions"}],"predecessor-version":[{"id":54881,"href":"https:\/\/evertectrends.com\/pt-br\/wp-json\/wp\/v2\/posts\/49210\/revisions\/54881"}],"wp:featuredmedia":[{"embeddable":true,"href":"https:\/\/evertectrends.com\/pt-br\/wp-json\/wp\/v2\/media\/50027"}],"wp:attachment":[{"href":"https:\/\/evertectrends.com\/pt-br\/wp-json\/wp\/v2\/media?parent=49210"}],"wp:term":[{"taxonomy":"category","embeddable":true,"href":"https:\/\/evertectrends.com\/pt-br\/wp-json\/wp\/v2\/categories?post=49210"},{"taxonomy":"post_tag","embeddable":true,"href":"https:\/\/evertectrends.com\/pt-br\/wp-json\/wp\/v2\/tags?post=49210"}],"curies":[{"name":"wp","href":"https:\/\/api.w.org\/{rel}","templated":true}]}}