{"id":43803,"date":"2019-07-10T19:54:19","date_gmt":"2019-07-10T22:54:19","guid":{"rendered":"https:\/\/trends.sinqia.com.br\/entenda-como-a-autoridade-nacional-de-protecao-de-dados-impacta-a-lgpd\/"},"modified":"2024-06-20T10:16:23","modified_gmt":"2024-06-20T13:16:23","slug":"entenda-como-a-autoridade-nacional-de-protecao-de-dados-impacta-a-lgpd","status":"publish","type":"post","link":"https:\/\/evertectrends.com\/pt-br\/entenda-como-a-autoridade-nacional-de-protecao-de-dados-impacta-a-lgpd\/","title":{"rendered":"Entenda como a Autoridade Nacional de Prote\u00e7\u00e3o de Dados impacta a LGPD"},"content":{"rendered":"\n<p>Na \u00faltima ter\u00e7a-feira (09\/07), o presidente Jair Bolsonaro sancionou o texto que altera a Lei Geral de Prote\u00e7\u00e3o de Dados (LGPD, n\u00famero 13.709\/2018) e criou a Autoridade Nacional de Prote\u00e7\u00e3o de Dados (ANPD) \u2013 primeiro \u00f3rg\u00e3o voltado \u00e0 prote\u00e7\u00e3o de dados pessoas de brasileiros no pa\u00eds \u2013 com veto de parte do projeto. Entenda o que muda na LGPD com a cria\u00e7\u00e3o deste \u00f3rg\u00e3o.<\/p>\n<h2><strong>O que \u00e9 a ANPD e qual a sua fun\u00e7\u00e3o?<\/strong><\/h2>\n<p>A Autoridade Nacional de Prote\u00e7\u00e3o de Dados \u00e9 a entidade que ser\u00e1 a principal \u201cprotetora\u201d e \u201csupervisora\u201d da aplica\u00e7\u00e3o da <a href=\"https:\/\/evertectrends.com\/entenda-a-relacao-da-nova-lei-de-protecao-de-dados-com-a-experiencia-do-cliente\/\">LGPD<\/a> no Brasil, lei sancionada no ano passado e com previs\u00e3o de entrar em vigor em agosto de 2020.<\/p>\n<p>A cria\u00e7\u00e3o da ANPD, sem autonomia institucional, foi uma das \u00faltimas medidas provis\u00f3rias do ex-presidente Michel Temer. O \u00f3rg\u00e3o \u00e9 vinculado diretamente \u00e0 Presid\u00eancia da Rep\u00fablica, ainda que tenha independ\u00eancia t\u00e9cnica, e foi criado sem aumento de despesas.<\/p>\n<p>O \u00f3rg\u00e3o ser\u00e1, na pr\u00e1tica, um conselho formado por cinco pessoas indicadas pelo presidente, que colher\u00e1 a opini\u00e3o de um Conselho Nacional de Prote\u00e7\u00e3o de Dados Pessoais e da Privacidade, composto por 23 integrantes. Os escolhidos para a ANPD ser\u00e3o representantes dos setores privado e p\u00fablico, do Comit\u00ea Gestor da Internet (CGI) e de organiza\u00e7\u00f5es da sociedade civil.<\/p>\n<p>Al\u00e9m disso, ter\u00e1 o poder de criar normas para fazer a lei de prote\u00e7\u00e3o de dados valer e ainda determinar diretrizes espec\u00edficas para empresas de setores que processam informa\u00e7\u00f5es pessoais de brasileiros. Ficar\u00e1 tamb\u00e9m a cargo da autoridade a fiscaliza\u00e7\u00e3o de desvios de conduta e a aplica\u00e7\u00e3o de multas.<\/p>\n<h2><strong>Qual o impacto dessa autoridade na LGPD?<\/strong><\/h2>\n<p>A Lei Geral de Prote\u00e7\u00e3o de Dados (LGPD) estabelece regras mais restritas sobre a coleta, o armazenamento, o tratamento e o compartilhamento de dados pessoais, impondo mais penalidades em rela\u00e7\u00e3o ao seu n\u00e3o cumprimento.<\/p>\n<p>Com a cria\u00e7\u00e3o da ANPD foram estabelecidas duas exce\u00e7\u00f5es em que o poder p\u00fablico poder\u00e1 repassar dados \u00e0 iniciativa privada:<\/p>\n<ul>\n<li>quando houver previs\u00e3o legal ou a transfer\u00eancia for respaldada em contratos, conv\u00eanios ou instrumentos cong\u00eaneres;<\/li>\n<li>na hip\u00f3tese de essa medida ter o objetivo exclusivo de prevenir fraudes e irregularidades, ou proteger a seguran\u00e7a e a integridade do titular dos dados, desde que vedado o tratamento para outras finalidades.<\/li>\n<\/ul>\n<p>Confira outros itens vetados do projeto:<\/p>\n<p>&#8211; Atualiza\u00e7\u00e3o da defini\u00e7\u00e3o de direitos em rela\u00e7\u00e3o a dados pessoais, estabelecendo diferen\u00e7as para a gest\u00e3o dessas informa\u00e7\u00f5es entre institui\u00e7\u00f5es p\u00fablicas e privadas;<\/p>\n<p>&#8211; Exclus\u00e3o da condi\u00e7\u00e3o de que um pedido de revis\u00e3o de dados por usu\u00e1rio seja feito unicamente por uma \u201cpessoa natural\u201d;<\/p>\n<p>&#8211; Aboli\u00e7\u00e3o da obrigatoriedade de conhecimento jur\u00eddico-regulat\u00f3rio por parte do principal respons\u00e1vel pela gest\u00e3o de dados nas empresas;<\/p>\n<p>&#8211; Retirada da garantia de seguran\u00e7a \u00e0s pessoas que fizerem solicita\u00e7\u00f5es no \u00e2mbito da Lei de Acesso \u00e0 Informa\u00e7\u00e3o;<\/p>\n<p>&#8211; Exclus\u00e3o de algumas modalidades de puni\u00e7\u00f5es a empresas que infringissem a lei.<\/p>\n<p>A aprova\u00e7\u00e3o da Lei era considerada urgente pelo mercado, que esperava a instaura\u00e7\u00e3o da ANPD de modo que as empresas tivessem uma baliza institucional para regrar suas adapta\u00e7\u00f5es \u00e0 Lei.\u00a0O prazo para adapta\u00e7\u00e3o do mercado \u00e0s diretrizes da LGPD \u00e9 at\u00e9 agosto de 2020.<\/p>\n<p>Segundo <strong>Patr\u00edcia de Castro Ciarelli, <\/strong>advogada integrante do escrit\u00f3rio <a href=\"https:\/\/ppblaw.com.br\/\">Pazzoto, Pisciotta &amp; Belo Sociedade de Advogados:<\/a><\/p>\n<p><em>&#8220;Para se amoldarem \u00e0s exig\u00eancias legais, as empresas dever\u00e3o investir na estrutura digital do neg\u00f3cio, a fim de aprimorar o sistema inform\u00e1tico de tratamento dos dados de seus clientes, evitando, assim, os riscos de exposi\u00e7\u00e3o das informa\u00e7\u00f5es.&#8221;<\/em><\/p>\n<p>Ainda n\u00e3o <strong>\u00e9 digital<\/strong>? A Simply tem um conjunto de solu\u00e7\u00f5es de TI que permitem ao neg\u00f3cio otimizar o seu cadastro de clientes e a gest\u00e3o dessas informa\u00e7\u00f5es. Quer saber como? Ent\u00e3o\u00a0<a href=\"https:\/\/simply.com.br\/contato\/\">fale conosco<\/a>!<\/p>\n","protected":false},"excerpt":{"rendered":"<p>Entenda o que muda na LGPD com a cria\u00e7\u00e3o da Autoridade Nacional de Prote\u00e7\u00e3o de Dados e o que \u00e9 essa entidade.<\/p>\n","protected":false},"author":9,"featured_media":43804,"comment_status":"open","ping_status":"open","sticky":false,"template":"","format":"standard","meta":{"footnotes":""},"categories":[1001],"tags":[142,59,801],"class_list":["post-43803","post","type-post","status-publish","format-standard","has-post-thumbnail","hentry","category-seguranca","tag-lei-geral-de-protecao-de-dados","tag-lgpd","tag-protecao-de-dados"],"yoast_head":"<!-- This site is optimized with the Yoast SEO plugin v27.5 - https:\/\/yoast.com\/product\/yoast-seo-wordpress\/ -->\n<title>Entenda como a Autoridade Nacional de Prote\u00e7\u00e3o de Dados impacta a LGPD - Evertec Trends<\/title>\n<meta name=\"description\" content=\"Entenda o que muda na Lei Geral de Prote\u00e7\u00e3o de Dados com a cria\u00e7\u00e3o da Autoridade Nacional de Prote\u00e7\u00e3o de Dados e o que \u00e9 essa entidade.\" \/>\n<meta name=\"robots\" content=\"index, follow, max-snippet:-1, max-image-preview:large, max-video-preview:-1\" \/>\n<link rel=\"canonical\" href=\"https:\/\/evertectrends.com\/pt-br\/entenda-como-a-autoridade-nacional-de-protecao-de-dados-impacta-a-lgpd\/\" \/>\n<meta property=\"og:locale\" content=\"pt_BR\" \/>\n<meta property=\"og:type\" content=\"article\" \/>\n<meta property=\"og:title\" content=\"Entenda como a Autoridade Nacional de Prote\u00e7\u00e3o de Dados impacta a LGPD - Evertec Trends\" \/>\n<meta property=\"og:description\" content=\"Entenda o que muda na Lei Geral de Prote\u00e7\u00e3o de Dados com a cria\u00e7\u00e3o da Autoridade Nacional de Prote\u00e7\u00e3o de Dados e o que \u00e9 essa entidade.\" \/>\n<meta property=\"og:url\" content=\"https:\/\/evertectrends.com\/pt-br\/entenda-como-a-autoridade-nacional-de-protecao-de-dados-impacta-a-lgpd\/\" \/>\n<meta property=\"og:site_name\" content=\"Evertec Trends\" \/>\n<meta property=\"article:published_time\" content=\"2019-07-10T22:54:19+00:00\" \/>\n<meta property=\"article:modified_time\" content=\"2024-06-20T13:16:23+00:00\" \/>\n<meta property=\"og:image\" content=\"https:\/\/evertectrends.com\/wp-content\/uploads\/2019\/07\/ANPD-e-a-LGPD-jpg.webp\" \/>\n\t<meta property=\"og:image:width\" content=\"900\" \/>\n\t<meta property=\"og:image:height\" content=\"387\" \/>\n\t<meta property=\"og:image:type\" content=\"image\/jpeg\" \/>\n<meta name=\"author\" content=\"Evertec Trends\" \/>\n<meta name=\"twitter:card\" content=\"summary_large_image\" \/>\n<meta name=\"twitter:label1\" content=\"Escrito por\" \/>\n\t<meta name=\"twitter:data1\" content=\"Evertec Trends\" \/>\n\t<meta name=\"twitter:label2\" content=\"Est. tempo de leitura\" \/>\n\t<meta name=\"twitter:data2\" content=\"3 minutos\" \/>\n<script type=\"application\/ld+json\" class=\"yoast-schema-graph\">{\"@context\":\"https:\\\/\\\/schema.org\",\"@graph\":[{\"@type\":\"Article\",\"@id\":\"https:\\\/\\\/evertectrends.com\\\/pt-br\\\/entenda-como-a-autoridade-nacional-de-protecao-de-dados-impacta-a-lgpd\\\/#article\",\"isPartOf\":{\"@id\":\"https:\\\/\\\/evertectrends.com\\\/pt-br\\\/entenda-como-a-autoridade-nacional-de-protecao-de-dados-impacta-a-lgpd\\\/\"},\"author\":{\"name\":\"Evertec Trends\",\"@id\":\"https:\\\/\\\/evertectrends.com\\\/#\\\/schema\\\/person\\\/07899642d9e4667697b7b0463442d054\"},\"headline\":\"Entenda como a Autoridade Nacional de Prote\u00e7\u00e3o de Dados impacta a LGPD\",\"datePublished\":\"2019-07-10T22:54:19+00:00\",\"dateModified\":\"2024-06-20T13:16:23+00:00\",\"mainEntityOfPage\":{\"@id\":\"https:\\\/\\\/evertectrends.com\\\/pt-br\\\/entenda-como-a-autoridade-nacional-de-protecao-de-dados-impacta-a-lgpd\\\/\"},\"wordCount\":681,\"commentCount\":0,\"publisher\":{\"@id\":\"https:\\\/\\\/evertectrends.com\\\/#organization\"},\"image\":{\"@id\":\"https:\\\/\\\/evertectrends.com\\\/pt-br\\\/entenda-como-a-autoridade-nacional-de-protecao-de-dados-impacta-a-lgpd\\\/#primaryimage\"},\"thumbnailUrl\":\"https:\\\/\\\/evertectrends.com\\\/wp-content\\\/uploads\\\/2019\\\/07\\\/ANPD-e-a-LGPD-jpg.webp\",\"keywords\":[\"lei geral de protecao de dados\",\"LGPD\",\"prote\u00e7\u00e3o de dados\"],\"articleSection\":[\"Seguran\u00e7a\"],\"inLanguage\":\"pt-BR\",\"potentialAction\":[{\"@type\":\"CommentAction\",\"name\":\"Comment\",\"target\":[\"https:\\\/\\\/evertectrends.com\\\/pt-br\\\/entenda-como-a-autoridade-nacional-de-protecao-de-dados-impacta-a-lgpd\\\/#respond\"]}]},{\"@type\":\"WebPage\",\"@id\":\"https:\\\/\\\/evertectrends.com\\\/pt-br\\\/entenda-como-a-autoridade-nacional-de-protecao-de-dados-impacta-a-lgpd\\\/\",\"url\":\"https:\\\/\\\/evertectrends.com\\\/pt-br\\\/entenda-como-a-autoridade-nacional-de-protecao-de-dados-impacta-a-lgpd\\\/\",\"name\":\"Entenda como a Autoridade Nacional de Prote\u00e7\u00e3o de Dados impacta a LGPD - Evertec Trends\",\"isPartOf\":{\"@id\":\"https:\\\/\\\/evertectrends.com\\\/#website\"},\"primaryImageOfPage\":{\"@id\":\"https:\\\/\\\/evertectrends.com\\\/pt-br\\\/entenda-como-a-autoridade-nacional-de-protecao-de-dados-impacta-a-lgpd\\\/#primaryimage\"},\"image\":{\"@id\":\"https:\\\/\\\/evertectrends.com\\\/pt-br\\\/entenda-como-a-autoridade-nacional-de-protecao-de-dados-impacta-a-lgpd\\\/#primaryimage\"},\"thumbnailUrl\":\"https:\\\/\\\/evertectrends.com\\\/wp-content\\\/uploads\\\/2019\\\/07\\\/ANPD-e-a-LGPD-jpg.webp\",\"datePublished\":\"2019-07-10T22:54:19+00:00\",\"dateModified\":\"2024-06-20T13:16:23+00:00\",\"description\":\"Entenda o que muda na Lei Geral de Prote\u00e7\u00e3o de Dados com a cria\u00e7\u00e3o da Autoridade Nacional de Prote\u00e7\u00e3o de Dados e o que \u00e9 essa entidade.\",\"breadcrumb\":{\"@id\":\"https:\\\/\\\/evertectrends.com\\\/pt-br\\\/entenda-como-a-autoridade-nacional-de-protecao-de-dados-impacta-a-lgpd\\\/#breadcrumb\"},\"inLanguage\":\"pt-BR\",\"potentialAction\":[{\"@type\":\"ReadAction\",\"target\":[\"https:\\\/\\\/evertectrends.com\\\/pt-br\\\/entenda-como-a-autoridade-nacional-de-protecao-de-dados-impacta-a-lgpd\\\/\"]}]},{\"@type\":\"ImageObject\",\"inLanguage\":\"pt-BR\",\"@id\":\"https:\\\/\\\/evertectrends.com\\\/pt-br\\\/entenda-como-a-autoridade-nacional-de-protecao-de-dados-impacta-a-lgpd\\\/#primaryimage\",\"url\":\"https:\\\/\\\/evertectrends.com\\\/wp-content\\\/uploads\\\/2019\\\/07\\\/ANPD-e-a-LGPD-jpg.webp\",\"contentUrl\":\"https:\\\/\\\/evertectrends.com\\\/wp-content\\\/uploads\\\/2019\\\/07\\\/ANPD-e-a-LGPD-jpg.webp\",\"width\":900,\"height\":387},{\"@type\":\"BreadcrumbList\",\"@id\":\"https:\\\/\\\/evertectrends.com\\\/pt-br\\\/entenda-como-a-autoridade-nacional-de-protecao-de-dados-impacta-a-lgpd\\\/#breadcrumb\",\"itemListElement\":[{\"@type\":\"ListItem\",\"position\":1,\"name\":\"Home\",\"item\":\"https:\\\/\\\/evertectrends.com\\\/pt-br\\\/\"},{\"@type\":\"ListItem\",\"position\":2,\"name\":\"Seguran\u00e7a\",\"item\":\"https:\\\/\\\/evertectrends.com\\\/pt-br\\\/categorias\\\/seguranca\\\/\"},{\"@type\":\"ListItem\",\"position\":3,\"name\":\"Entenda como a Autoridade Nacional de Prote\u00e7\u00e3o de Dados impacta a LGPD\"}]},{\"@type\":\"WebSite\",\"@id\":\"https:\\\/\\\/evertectrends.com\\\/#website\",\"url\":\"https:\\\/\\\/evertectrends.com\\\/\",\"name\":\"Evertec Trends\",\"description\":\"As tend\u00eancias de tecnologia para inovar com estrat\u00e9gia\",\"publisher\":{\"@id\":\"https:\\\/\\\/evertectrends.com\\\/#organization\"},\"potentialAction\":[{\"@type\":\"SearchAction\",\"target\":{\"@type\":\"EntryPoint\",\"urlTemplate\":\"https:\\\/\\\/evertectrends.com\\\/?s={search_term_string}\"},\"query-input\":{\"@type\":\"PropertyValueSpecification\",\"valueRequired\":true,\"valueName\":\"search_term_string\"}}],\"inLanguage\":\"pt-BR\"},{\"@type\":\"Organization\",\"@id\":\"https:\\\/\\\/evertectrends.com\\\/#organization\",\"name\":\"Evertec Trends\",\"url\":\"https:\\\/\\\/evertectrends.com\\\/\",\"logo\":{\"@type\":\"ImageObject\",\"inLanguage\":\"pt-BR\",\"@id\":\"https:\\\/\\\/evertectrends.com\\\/#\\\/schema\\\/logo\\\/image\\\/\",\"url\":\"https:\\\/\\\/evertectrends.com\\\/wp-content\\\/uploads\\\/2024\\\/06\\\/evertectrends-sq.png\",\"contentUrl\":\"https:\\\/\\\/evertectrends.com\\\/wp-content\\\/uploads\\\/2024\\\/06\\\/evertectrends-sq.png\",\"width\":416,\"height\":417,\"caption\":\"Evertec Trends\"},\"image\":{\"@id\":\"https:\\\/\\\/evertectrends.com\\\/#\\\/schema\\\/logo\\\/image\\\/\"}},{\"@type\":\"Person\",\"@id\":\"https:\\\/\\\/evertectrends.com\\\/#\\\/schema\\\/person\\\/07899642d9e4667697b7b0463442d054\",\"name\":\"Evertec Trends\",\"image\":{\"@type\":\"ImageObject\",\"inLanguage\":\"pt-BR\",\"@id\":\"https:\\\/\\\/secure.gravatar.com\\\/avatar\\\/f46217c56c100deb166f67953efa3f81077701bca98a102e48544095d631803d?s=96&d=robohash&r=g\",\"url\":\"https:\\\/\\\/secure.gravatar.com\\\/avatar\\\/f46217c56c100deb166f67953efa3f81077701bca98a102e48544095d631803d?s=96&d=robohash&r=g\",\"contentUrl\":\"https:\\\/\\\/secure.gravatar.com\\\/avatar\\\/f46217c56c100deb166f67953efa3f81077701bca98a102e48544095d631803d?s=96&d=robohash&r=g\",\"caption\":\"Evertec Trends\"},\"description\":\"Mais que um portal de conte\u00fados, um ponto de encontro para quem quer desvendar o setor financeiro.\",\"sameAs\":[\"https:\\\/\\\/www.instagram.com\\\/evertecinc\",\"https:\\\/\\\/www.linkedin.com\\\/company\\\/evertec\\\/\"],\"url\":\"https:\\\/\\\/evertectrends.com\\\/pt-br\\\/author\\\/evertectrends\\\/\"}]}<\/script>\n<!-- \/ Yoast SEO plugin. -->","yoast_head_json":{"title":"Entenda como a Autoridade Nacional de Prote\u00e7\u00e3o de Dados impacta a LGPD - Evertec Trends","description":"Entenda o que muda na Lei Geral de Prote\u00e7\u00e3o de Dados com a cria\u00e7\u00e3o da Autoridade Nacional de Prote\u00e7\u00e3o de Dados e o que \u00e9 essa entidade.","robots":{"index":"index","follow":"follow","max-snippet":"max-snippet:-1","max-image-preview":"max-image-preview:large","max-video-preview":"max-video-preview:-1"},"canonical":"https:\/\/evertectrends.com\/pt-br\/entenda-como-a-autoridade-nacional-de-protecao-de-dados-impacta-a-lgpd\/","og_locale":"pt_BR","og_type":"article","og_title":"Entenda como a Autoridade Nacional de Prote\u00e7\u00e3o de Dados impacta a LGPD - Evertec Trends","og_description":"Entenda o que muda na Lei Geral de Prote\u00e7\u00e3o de Dados com a cria\u00e7\u00e3o da Autoridade Nacional de Prote\u00e7\u00e3o de Dados e o que \u00e9 essa entidade.","og_url":"https:\/\/evertectrends.com\/pt-br\/entenda-como-a-autoridade-nacional-de-protecao-de-dados-impacta-a-lgpd\/","og_site_name":"Evertec Trends","article_published_time":"2019-07-10T22:54:19+00:00","article_modified_time":"2024-06-20T13:16:23+00:00","og_image":[{"width":900,"height":387,"url":"https:\/\/evertectrends.com\/wp-content\/uploads\/2019\/07\/ANPD-e-a-LGPD-jpg.webp","type":"image\/jpeg"}],"author":"Evertec Trends","twitter_card":"summary_large_image","twitter_misc":{"Escrito por":"Evertec Trends","Est. tempo de leitura":"3 minutos"},"schema":{"@context":"https:\/\/schema.org","@graph":[{"@type":"Article","@id":"https:\/\/evertectrends.com\/pt-br\/entenda-como-a-autoridade-nacional-de-protecao-de-dados-impacta-a-lgpd\/#article","isPartOf":{"@id":"https:\/\/evertectrends.com\/pt-br\/entenda-como-a-autoridade-nacional-de-protecao-de-dados-impacta-a-lgpd\/"},"author":{"name":"Evertec Trends","@id":"https:\/\/evertectrends.com\/#\/schema\/person\/07899642d9e4667697b7b0463442d054"},"headline":"Entenda como a Autoridade Nacional de Prote\u00e7\u00e3o de Dados impacta a LGPD","datePublished":"2019-07-10T22:54:19+00:00","dateModified":"2024-06-20T13:16:23+00:00","mainEntityOfPage":{"@id":"https:\/\/evertectrends.com\/pt-br\/entenda-como-a-autoridade-nacional-de-protecao-de-dados-impacta-a-lgpd\/"},"wordCount":681,"commentCount":0,"publisher":{"@id":"https:\/\/evertectrends.com\/#organization"},"image":{"@id":"https:\/\/evertectrends.com\/pt-br\/entenda-como-a-autoridade-nacional-de-protecao-de-dados-impacta-a-lgpd\/#primaryimage"},"thumbnailUrl":"https:\/\/evertectrends.com\/wp-content\/uploads\/2019\/07\/ANPD-e-a-LGPD-jpg.webp","keywords":["lei geral de protecao de dados","LGPD","prote\u00e7\u00e3o de dados"],"articleSection":["Seguran\u00e7a"],"inLanguage":"pt-BR","potentialAction":[{"@type":"CommentAction","name":"Comment","target":["https:\/\/evertectrends.com\/pt-br\/entenda-como-a-autoridade-nacional-de-protecao-de-dados-impacta-a-lgpd\/#respond"]}]},{"@type":"WebPage","@id":"https:\/\/evertectrends.com\/pt-br\/entenda-como-a-autoridade-nacional-de-protecao-de-dados-impacta-a-lgpd\/","url":"https:\/\/evertectrends.com\/pt-br\/entenda-como-a-autoridade-nacional-de-protecao-de-dados-impacta-a-lgpd\/","name":"Entenda como a Autoridade Nacional de Prote\u00e7\u00e3o de Dados impacta a LGPD - Evertec Trends","isPartOf":{"@id":"https:\/\/evertectrends.com\/#website"},"primaryImageOfPage":{"@id":"https:\/\/evertectrends.com\/pt-br\/entenda-como-a-autoridade-nacional-de-protecao-de-dados-impacta-a-lgpd\/#primaryimage"},"image":{"@id":"https:\/\/evertectrends.com\/pt-br\/entenda-como-a-autoridade-nacional-de-protecao-de-dados-impacta-a-lgpd\/#primaryimage"},"thumbnailUrl":"https:\/\/evertectrends.com\/wp-content\/uploads\/2019\/07\/ANPD-e-a-LGPD-jpg.webp","datePublished":"2019-07-10T22:54:19+00:00","dateModified":"2024-06-20T13:16:23+00:00","description":"Entenda o que muda na Lei Geral de Prote\u00e7\u00e3o de Dados com a cria\u00e7\u00e3o da Autoridade Nacional de Prote\u00e7\u00e3o de Dados e o que \u00e9 essa entidade.","breadcrumb":{"@id":"https:\/\/evertectrends.com\/pt-br\/entenda-como-a-autoridade-nacional-de-protecao-de-dados-impacta-a-lgpd\/#breadcrumb"},"inLanguage":"pt-BR","potentialAction":[{"@type":"ReadAction","target":["https:\/\/evertectrends.com\/pt-br\/entenda-como-a-autoridade-nacional-de-protecao-de-dados-impacta-a-lgpd\/"]}]},{"@type":"ImageObject","inLanguage":"pt-BR","@id":"https:\/\/evertectrends.com\/pt-br\/entenda-como-a-autoridade-nacional-de-protecao-de-dados-impacta-a-lgpd\/#primaryimage","url":"https:\/\/evertectrends.com\/wp-content\/uploads\/2019\/07\/ANPD-e-a-LGPD-jpg.webp","contentUrl":"https:\/\/evertectrends.com\/wp-content\/uploads\/2019\/07\/ANPD-e-a-LGPD-jpg.webp","width":900,"height":387},{"@type":"BreadcrumbList","@id":"https:\/\/evertectrends.com\/pt-br\/entenda-como-a-autoridade-nacional-de-protecao-de-dados-impacta-a-lgpd\/#breadcrumb","itemListElement":[{"@type":"ListItem","position":1,"name":"Home","item":"https:\/\/evertectrends.com\/pt-br\/"},{"@type":"ListItem","position":2,"name":"Seguran\u00e7a","item":"https:\/\/evertectrends.com\/pt-br\/categorias\/seguranca\/"},{"@type":"ListItem","position":3,"name":"Entenda como a Autoridade Nacional de Prote\u00e7\u00e3o de Dados impacta a LGPD"}]},{"@type":"WebSite","@id":"https:\/\/evertectrends.com\/#website","url":"https:\/\/evertectrends.com\/","name":"Evertec Trends","description":"As tend\u00eancias de tecnologia para inovar com estrat\u00e9gia","publisher":{"@id":"https:\/\/evertectrends.com\/#organization"},"potentialAction":[{"@type":"SearchAction","target":{"@type":"EntryPoint","urlTemplate":"https:\/\/evertectrends.com\/?s={search_term_string}"},"query-input":{"@type":"PropertyValueSpecification","valueRequired":true,"valueName":"search_term_string"}}],"inLanguage":"pt-BR"},{"@type":"Organization","@id":"https:\/\/evertectrends.com\/#organization","name":"Evertec Trends","url":"https:\/\/evertectrends.com\/","logo":{"@type":"ImageObject","inLanguage":"pt-BR","@id":"https:\/\/evertectrends.com\/#\/schema\/logo\/image\/","url":"https:\/\/evertectrends.com\/wp-content\/uploads\/2024\/06\/evertectrends-sq.png","contentUrl":"https:\/\/evertectrends.com\/wp-content\/uploads\/2024\/06\/evertectrends-sq.png","width":416,"height":417,"caption":"Evertec Trends"},"image":{"@id":"https:\/\/evertectrends.com\/#\/schema\/logo\/image\/"}},{"@type":"Person","@id":"https:\/\/evertectrends.com\/#\/schema\/person\/07899642d9e4667697b7b0463442d054","name":"Evertec Trends","image":{"@type":"ImageObject","inLanguage":"pt-BR","@id":"https:\/\/secure.gravatar.com\/avatar\/f46217c56c100deb166f67953efa3f81077701bca98a102e48544095d631803d?s=96&d=robohash&r=g","url":"https:\/\/secure.gravatar.com\/avatar\/f46217c56c100deb166f67953efa3f81077701bca98a102e48544095d631803d?s=96&d=robohash&r=g","contentUrl":"https:\/\/secure.gravatar.com\/avatar\/f46217c56c100deb166f67953efa3f81077701bca98a102e48544095d631803d?s=96&d=robohash&r=g","caption":"Evertec Trends"},"description":"Mais que um portal de conte\u00fados, um ponto de encontro para quem quer desvendar o setor financeiro.","sameAs":["https:\/\/www.instagram.com\/evertecinc","https:\/\/www.linkedin.com\/company\/evertec\/"],"url":"https:\/\/evertectrends.com\/pt-br\/author\/evertectrends\/"}]}},"featured_image_url":"https:\/\/evertectrends.com\/wp-content\/uploads\/2019\/07\/ANPD-e-a-LGPD-jpg.webp","primary_category":"Seguran\u00e7a","_links":{"self":[{"href":"https:\/\/evertectrends.com\/pt-br\/wp-json\/wp\/v2\/posts\/43803","targetHints":{"allow":["GET"]}}],"collection":[{"href":"https:\/\/evertectrends.com\/pt-br\/wp-json\/wp\/v2\/posts"}],"about":[{"href":"https:\/\/evertectrends.com\/pt-br\/wp-json\/wp\/v2\/types\/post"}],"author":[{"embeddable":true,"href":"https:\/\/evertectrends.com\/pt-br\/wp-json\/wp\/v2\/users\/9"}],"replies":[{"embeddable":true,"href":"https:\/\/evertectrends.com\/pt-br\/wp-json\/wp\/v2\/comments?post=43803"}],"version-history":[{"count":4,"href":"https:\/\/evertectrends.com\/pt-br\/wp-json\/wp\/v2\/posts\/43803\/revisions"}],"predecessor-version":[{"id":52068,"href":"https:\/\/evertectrends.com\/pt-br\/wp-json\/wp\/v2\/posts\/43803\/revisions\/52068"}],"wp:featuredmedia":[{"embeddable":true,"href":"https:\/\/evertectrends.com\/pt-br\/wp-json\/wp\/v2\/media\/43804"}],"wp:attachment":[{"href":"https:\/\/evertectrends.com\/pt-br\/wp-json\/wp\/v2\/media?parent=43803"}],"wp:term":[{"taxonomy":"category","embeddable":true,"href":"https:\/\/evertectrends.com\/pt-br\/wp-json\/wp\/v2\/categories?post=43803"},{"taxonomy":"post_tag","embeddable":true,"href":"https:\/\/evertectrends.com\/pt-br\/wp-json\/wp\/v2\/tags?post=43803"}],"curies":[{"name":"wp","href":"https:\/\/api.w.org\/{rel}","templated":true}]}}