{"id":41569,"date":"2023-03-31T13:29:31","date_gmt":"2023-03-31T16:29:31","guid":{"rendered":"https:\/\/www.evertecinc.com\/?p=41569"},"modified":"2025-07-18T19:28:23","modified_gmt":"2025-07-18T22:28:23","slug":"ath-movil-for-puerto-rico-2023","status":"publish","type":"post","link":"https:\/\/evertectrends.com\/en\/ath-movil-for-puerto-rico-2023\/","title":{"rendered":"ATH M\u00f3vil for Puerto Rico impacts hundreds of nonprofit organizations"},"content":{"rendered":"<\/p>\n<p>Evertec announced today that for a second year the ATH M&oacute;vil for Puerto Rico initiative raised more than $200K in only one week for nonprofit organizations on the island through ATH M&oacute;vil&rsquo;s Donate functionality. The company also announced the six nonprofit organizations that raised the most funds during the week of friendly competition.<\/p>\n<p>The organizations that received tha most donations during the ATH M&oacute;vil for Puerto Rico program winning an additional $5K bonus from Evertec, were: <strong>El Comedor de la Kennedy, El Sue&ntilde;o de Alana, Centro de Periodismo Investigativo, Fundaci&oacute;n Mochileando, Hogar de Ni&ntilde;as de Cupey and Esperanza para la Vejez.<\/strong><\/p>\n<p><img loading=\"lazy\" decoding=\"async\" width=\"150\" height=\"150\" src=\"https:\/\/evertectrends.com\/wp-content\/uploads\/2025\/07\/imagen-alexandra-lopez-soler-equipo-ejecutivo-evertec-150x150.jpeg\" alt=\"\" loading=\"lazy\"><\/p>\n<h4>Alexandra Lopez Soler<\/h4>\n<p>\n            Chief marketing officer of Evertec<br \/>\n        <!-- .lae-user-text --><br \/>\n    <!-- .lae-testimonial-user --><\/p>\n<p><em>&ldquo;The ATH M&oacute;vil for Puerto Rico initiative aims to support and provide visibility to nonprofit organizations in Puerto Rico. Thanks to ATH M&oacute;vil&rsquo;s Donate function, we were able to help nonprofit organizations raise more than $200K and receive the funds immediately. We&rsquo;re proud of the impact and growth of this initiative and grateful for the hundreds of nonprofit organizations, celebrities, artists, and influencers who took action to make this initiative a success,&rdquo;<\/em> said Alexandra L&oacute;pez-Soler, chief marketing officer of Evertec. The winning organizations were a product of the efforts of WAPA-TV, influencers and individual campaigns carried out by the organizations themselves as part of their ATH M&oacute;vil for Puerto Rico efforts, she added.<\/p>\n<p><!-- .lae-testimonial --><!-- .lae-testimonials --><\/p>\n<p>The ATH M&oacute;vil Donate feature once again proved that it has become a catalyst for the development of NGOs on the island by facilitating the fund-raising efforts of these organizations. The result of the initiative demonstrates that ATH Movil is the easiest, fastest, and immediate manner for donors to contribute to their preferred NGO.<\/p>\n<p>This year the initiative expanded its reach in partnership with WAPA-TV and the talents of its shows Noticentro al Amanecer, P&eacute;gate al Mediod&iacute;a, Viva La Tarde, Lo S&eacute; Todo, and Los Datos Son los Datos. Each of the shows promoted different nonprofit organizations and supported their fundraising efforts while motivating the audience to participate and contribute to their causes.<\/p>\n","protected":false},"excerpt":{"rendered":"<p>The initiative raised more than $200K to support not-for-profit organizations (NGOs) on the island.  Additionally, Evertec contributed an additional $5K to each of the top six organizations who raised the most funds during that week.  This initiaitve was designed to raise the visbility and increase the impact of the work these NGOs perform in Puerto Rico.<\/p>\n","protected":false},"author":9,"featured_media":68595,"comment_status":"open","ping_status":"open","sticky":false,"template":"","format":"standard","meta":{"footnotes":""},"categories":[1340],"tags":[2526],"class_list":["post-41569","post","type-post","status-publish","format-standard","has-post-thumbnail","hentry","category-sin-categoria","tag-evertec-en"],"yoast_head":"<!-- This site is optimized with the Yoast SEO plugin v27.5 - https:\/\/yoast.com\/product\/yoast-seo-wordpress\/ -->\n<title>ATH M\u00f3vil for Puerto Rico impacts hundreds of nonprofit organizations - Evertec Trends<\/title>\n<meta name=\"description\" content=\"As tend\u00eancias de tecnologia para inovar com estrat\u00e9gia\" \/>\n<meta name=\"robots\" content=\"index, follow, max-snippet:-1, max-image-preview:large, max-video-preview:-1\" \/>\n<link rel=\"canonical\" href=\"https:\/\/evertectrends.com\/ath-movil-por-puerto-rico-2023\/\" \/>\n<meta property=\"og:locale\" content=\"en_US\" \/>\n<meta property=\"og:type\" content=\"article\" \/>\n<meta property=\"og:title\" content=\"ATH M\u00f3vil for Puerto Rico impacts hundreds of nonprofit organizations - Evertec Trends\" \/>\n<meta property=\"og:description\" content=\"As tend\u00eancias de tecnologia para inovar com estrat\u00e9gia\" \/>\n<meta property=\"og:url\" content=\"https:\/\/evertectrends.com\/ath-movil-por-puerto-rico-2023\/\" \/>\n<meta property=\"og:site_name\" content=\"Evertec Trends\" \/>\n<meta property=\"article:published_time\" content=\"2023-03-31T16:29:31+00:00\" \/>\n<meta property=\"article:modified_time\" content=\"2025-07-18T22:28:23+00:00\" \/>\n<meta property=\"og:image\" content=\"https:\/\/evertectrends.com\/wp-content\/uploads\/2025\/07\/imagen-alexandra-lopez-soler-equipo-ejecutivo-evertec-150x150.jpeg\" \/>\n\t<meta property=\"og:image:width\" content=\"150\" \/>\n\t<meta property=\"og:image:height\" content=\"150\" \/>\n\t<meta property=\"og:image:type\" content=\"image\/jpeg\" \/>\n<meta name=\"author\" content=\"Evertec Trends\" \/>\n<meta name=\"twitter:card\" content=\"summary_large_image\" \/>\n<meta name=\"twitter:label1\" content=\"Written by\" \/>\n\t<meta name=\"twitter:data1\" content=\"Evertec Trends\" \/>\n\t<meta name=\"twitter:label2\" content=\"Est. reading time\" \/>\n\t<meta name=\"twitter:data2\" content=\"2 minutes\" \/>\n<script type=\"application\/ld+json\" class=\"yoast-schema-graph\">{\"@context\":\"https:\\\/\\\/schema.org\",\"@graph\":[{\"@type\":\"Article\",\"@id\":\"https:\\\/\\\/evertectrends.com\\\/ath-movil-por-puerto-rico-2023\\\/#article\",\"isPartOf\":{\"@id\":\"https:\\\/\\\/evertectrends.com\\\/ath-movil-por-puerto-rico-2023\\\/\"},\"author\":{\"name\":\"Evertec Trends\",\"@id\":\"https:\\\/\\\/evertectrends.com\\\/#\\\/schema\\\/person\\\/07899642d9e4667697b7b0463442d054\"},\"headline\":\"ATH M\u00f3vil for Puerto Rico impacts hundreds of nonprofit organizations\",\"datePublished\":\"2023-03-31T16:29:31+00:00\",\"dateModified\":\"2025-07-18T22:28:23+00:00\",\"mainEntityOfPage\":{\"@id\":\"https:\\\/\\\/evertectrends.com\\\/ath-movil-por-puerto-rico-2023\\\/\"},\"wordCount\":381,\"commentCount\":0,\"publisher\":{\"@id\":\"https:\\\/\\\/evertectrends.com\\\/#organization\"},\"image\":{\"@id\":\"https:\\\/\\\/evertectrends.com\\\/ath-movil-por-puerto-rico-2023\\\/#primaryimage\"},\"thumbnailUrl\":\"https:\\\/\\\/evertectrends.com\\\/wp-content\\\/uploads\\\/2025\\\/07\\\/imagen-alexandra-lopez-soler-equipo-ejecutivo-evertec-150x150.jpeg\",\"keywords\":[\"Evertec\"],\"articleSection\":[\"Sin categor\u00eda\"],\"inLanguage\":\"en-US\",\"potentialAction\":[{\"@type\":\"CommentAction\",\"name\":\"Comment\",\"target\":[\"https:\\\/\\\/evertectrends.com\\\/ath-movil-por-puerto-rico-2023\\\/#respond\"]}]},{\"@type\":\"WebPage\",\"@id\":\"https:\\\/\\\/evertectrends.com\\\/ath-movil-por-puerto-rico-2023\\\/\",\"url\":\"https:\\\/\\\/evertectrends.com\\\/ath-movil-por-puerto-rico-2023\\\/\",\"name\":\"ATH M\u00f3vil for Puerto Rico impacts hundreds of nonprofit organizations - Evertec Trends\",\"isPartOf\":{\"@id\":\"https:\\\/\\\/evertectrends.com\\\/#website\"},\"primaryImageOfPage\":{\"@id\":\"https:\\\/\\\/evertectrends.com\\\/ath-movil-por-puerto-rico-2023\\\/#primaryimage\"},\"image\":{\"@id\":\"https:\\\/\\\/evertectrends.com\\\/ath-movil-por-puerto-rico-2023\\\/#primaryimage\"},\"thumbnailUrl\":\"https:\\\/\\\/evertectrends.com\\\/wp-content\\\/uploads\\\/2025\\\/07\\\/imagen-alexandra-lopez-soler-equipo-ejecutivo-evertec-150x150.jpeg\",\"datePublished\":\"2023-03-31T16:29:31+00:00\",\"dateModified\":\"2025-07-18T22:28:23+00:00\",\"description\":\"As tend\u00eancias de tecnologia para inovar com estrat\u00e9gia\",\"breadcrumb\":{\"@id\":\"https:\\\/\\\/evertectrends.com\\\/ath-movil-por-puerto-rico-2023\\\/#breadcrumb\"},\"inLanguage\":\"en-US\",\"potentialAction\":[{\"@type\":\"ReadAction\",\"target\":[\"https:\\\/\\\/evertectrends.com\\\/ath-movil-por-puerto-rico-2023\\\/\"]}]},{\"@type\":\"ImageObject\",\"inLanguage\":\"en-US\",\"@id\":\"https:\\\/\\\/evertectrends.com\\\/ath-movil-por-puerto-rico-2023\\\/#primaryimage\",\"url\":\"https:\\\/\\\/evertectrends.com\\\/wp-content\\\/uploads\\\/2025\\\/07\\\/imagen-alexandra-lopez-soler-equipo-ejecutivo-evertec-150x150.jpeg\",\"contentUrl\":\"https:\\\/\\\/evertectrends.com\\\/wp-content\\\/uploads\\\/2025\\\/07\\\/imagen-alexandra-lopez-soler-equipo-ejecutivo-evertec-150x150.jpeg\",\"width\":150,\"height\":150,\"caption\":\"DCC, transaction choices for consumers\"},{\"@type\":\"BreadcrumbList\",\"@id\":\"https:\\\/\\\/evertectrends.com\\\/ath-movil-por-puerto-rico-2023\\\/#breadcrumb\",\"itemListElement\":[{\"@type\":\"ListItem\",\"position\":1,\"name\":\"Home\",\"item\":\"https:\\\/\\\/evertectrends.com\\\/\"},{\"@type\":\"ListItem\",\"position\":2,\"name\":\"Sem categoria\",\"item\":\"https:\\\/\\\/evertectrends.com\\\/categorias\\\/sem-categoria\\\/\"},{\"@type\":\"ListItem\",\"position\":3,\"name\":\"ATH M\u00f3vil for Puerto Rico impacts hundreds of nonprofit organizations\"}]},{\"@type\":\"WebSite\",\"@id\":\"https:\\\/\\\/evertectrends.com\\\/#website\",\"url\":\"https:\\\/\\\/evertectrends.com\\\/\",\"name\":\"Evertec Trends\",\"description\":\"As tend\u00eancias de tecnologia para inovar com estrat\u00e9gia\",\"publisher\":{\"@id\":\"https:\\\/\\\/evertectrends.com\\\/#organization\"},\"potentialAction\":[{\"@type\":\"SearchAction\",\"target\":{\"@type\":\"EntryPoint\",\"urlTemplate\":\"https:\\\/\\\/evertectrends.com\\\/?s={search_term_string}\"},\"query-input\":{\"@type\":\"PropertyValueSpecification\",\"valueRequired\":true,\"valueName\":\"search_term_string\"}}],\"inLanguage\":\"en-US\"},{\"@type\":\"Organization\",\"@id\":\"https:\\\/\\\/evertectrends.com\\\/#organization\",\"name\":\"Evertec Trends\",\"url\":\"https:\\\/\\\/evertectrends.com\\\/\",\"logo\":{\"@type\":\"ImageObject\",\"inLanguage\":\"en-US\",\"@id\":\"https:\\\/\\\/evertectrends.com\\\/#\\\/schema\\\/logo\\\/image\\\/\",\"url\":\"https:\\\/\\\/evertectrends.com\\\/wp-content\\\/uploads\\\/2024\\\/06\\\/evertectrends-sq.png\",\"contentUrl\":\"https:\\\/\\\/evertectrends.com\\\/wp-content\\\/uploads\\\/2024\\\/06\\\/evertectrends-sq.png\",\"width\":416,\"height\":417,\"caption\":\"Evertec Trends\"},\"image\":{\"@id\":\"https:\\\/\\\/evertectrends.com\\\/#\\\/schema\\\/logo\\\/image\\\/\"}},{\"@type\":\"Person\",\"@id\":\"https:\\\/\\\/evertectrends.com\\\/#\\\/schema\\\/person\\\/07899642d9e4667697b7b0463442d054\",\"name\":\"Evertec Trends\",\"image\":{\"@type\":\"ImageObject\",\"inLanguage\":\"en-US\",\"@id\":\"https:\\\/\\\/secure.gravatar.com\\\/avatar\\\/f46217c56c100deb166f67953efa3f81077701bca98a102e48544095d631803d?s=96&d=robohash&r=g\",\"url\":\"https:\\\/\\\/secure.gravatar.com\\\/avatar\\\/f46217c56c100deb166f67953efa3f81077701bca98a102e48544095d631803d?s=96&d=robohash&r=g\",\"contentUrl\":\"https:\\\/\\\/secure.gravatar.com\\\/avatar\\\/f46217c56c100deb166f67953efa3f81077701bca98a102e48544095d631803d?s=96&d=robohash&r=g\",\"caption\":\"Evertec Trends\"},\"description\":\"Mais que um portal de conte\u00fados, um ponto de encontro para quem quer desvendar o setor financeiro.\",\"sameAs\":[\"https:\\\/\\\/www.instagram.com\\\/evertecinc\",\"https:\\\/\\\/www.linkedin.com\\\/company\\\/evertec\\\/\"],\"url\":\"https:\\\/\\\/evertectrends.com\\\/en\\\/author\\\/evertectrends\\\/\"}]}<\/script>\n<!-- \/ Yoast SEO plugin. -->","yoast_head_json":{"title":"ATH M\u00f3vil for Puerto Rico impacts hundreds of nonprofit organizations - Evertec Trends","description":"As tend\u00eancias de tecnologia para inovar com estrat\u00e9gia","robots":{"index":"index","follow":"follow","max-snippet":"max-snippet:-1","max-image-preview":"max-image-preview:large","max-video-preview":"max-video-preview:-1"},"canonical":"https:\/\/evertectrends.com\/ath-movil-por-puerto-rico-2023\/","og_locale":"en_US","og_type":"article","og_title":"ATH M\u00f3vil for Puerto Rico impacts hundreds of nonprofit organizations - Evertec Trends","og_description":"As tend\u00eancias de tecnologia para inovar com estrat\u00e9gia","og_url":"https:\/\/evertectrends.com\/ath-movil-por-puerto-rico-2023\/","og_site_name":"Evertec Trends","article_published_time":"2023-03-31T16:29:31+00:00","article_modified_time":"2025-07-18T22:28:23+00:00","og_image":[{"width":150,"height":150,"url":"https:\/\/evertectrends.com\/wp-content\/uploads\/2025\/07\/imagen-alexandra-lopez-soler-equipo-ejecutivo-evertec-150x150.jpeg","type":"image\/jpeg"}],"author":"Evertec Trends","twitter_card":"summary_large_image","twitter_misc":{"Written by":"Evertec Trends","Est. reading time":"2 minutes"},"schema":{"@context":"https:\/\/schema.org","@graph":[{"@type":"Article","@id":"https:\/\/evertectrends.com\/ath-movil-por-puerto-rico-2023\/#article","isPartOf":{"@id":"https:\/\/evertectrends.com\/ath-movil-por-puerto-rico-2023\/"},"author":{"name":"Evertec Trends","@id":"https:\/\/evertectrends.com\/#\/schema\/person\/07899642d9e4667697b7b0463442d054"},"headline":"ATH M\u00f3vil for Puerto Rico impacts hundreds of nonprofit organizations","datePublished":"2023-03-31T16:29:31+00:00","dateModified":"2025-07-18T22:28:23+00:00","mainEntityOfPage":{"@id":"https:\/\/evertectrends.com\/ath-movil-por-puerto-rico-2023\/"},"wordCount":381,"commentCount":0,"publisher":{"@id":"https:\/\/evertectrends.com\/#organization"},"image":{"@id":"https:\/\/evertectrends.com\/ath-movil-por-puerto-rico-2023\/#primaryimage"},"thumbnailUrl":"https:\/\/evertectrends.com\/wp-content\/uploads\/2025\/07\/imagen-alexandra-lopez-soler-equipo-ejecutivo-evertec-150x150.jpeg","keywords":["Evertec"],"articleSection":["Sin categor\u00eda"],"inLanguage":"en-US","potentialAction":[{"@type":"CommentAction","name":"Comment","target":["https:\/\/evertectrends.com\/ath-movil-por-puerto-rico-2023\/#respond"]}]},{"@type":"WebPage","@id":"https:\/\/evertectrends.com\/ath-movil-por-puerto-rico-2023\/","url":"https:\/\/evertectrends.com\/ath-movil-por-puerto-rico-2023\/","name":"ATH M\u00f3vil for Puerto Rico impacts hundreds of nonprofit organizations - Evertec Trends","isPartOf":{"@id":"https:\/\/evertectrends.com\/#website"},"primaryImageOfPage":{"@id":"https:\/\/evertectrends.com\/ath-movil-por-puerto-rico-2023\/#primaryimage"},"image":{"@id":"https:\/\/evertectrends.com\/ath-movil-por-puerto-rico-2023\/#primaryimage"},"thumbnailUrl":"https:\/\/evertectrends.com\/wp-content\/uploads\/2025\/07\/imagen-alexandra-lopez-soler-equipo-ejecutivo-evertec-150x150.jpeg","datePublished":"2023-03-31T16:29:31+00:00","dateModified":"2025-07-18T22:28:23+00:00","description":"As tend\u00eancias de tecnologia para inovar com estrat\u00e9gia","breadcrumb":{"@id":"https:\/\/evertectrends.com\/ath-movil-por-puerto-rico-2023\/#breadcrumb"},"inLanguage":"en-US","potentialAction":[{"@type":"ReadAction","target":["https:\/\/evertectrends.com\/ath-movil-por-puerto-rico-2023\/"]}]},{"@type":"ImageObject","inLanguage":"en-US","@id":"https:\/\/evertectrends.com\/ath-movil-por-puerto-rico-2023\/#primaryimage","url":"https:\/\/evertectrends.com\/wp-content\/uploads\/2025\/07\/imagen-alexandra-lopez-soler-equipo-ejecutivo-evertec-150x150.jpeg","contentUrl":"https:\/\/evertectrends.com\/wp-content\/uploads\/2025\/07\/imagen-alexandra-lopez-soler-equipo-ejecutivo-evertec-150x150.jpeg","width":150,"height":150,"caption":"DCC, transaction choices for consumers"},{"@type":"BreadcrumbList","@id":"https:\/\/evertectrends.com\/ath-movil-por-puerto-rico-2023\/#breadcrumb","itemListElement":[{"@type":"ListItem","position":1,"name":"Home","item":"https:\/\/evertectrends.com\/"},{"@type":"ListItem","position":2,"name":"Sem categoria","item":"https:\/\/evertectrends.com\/categorias\/sem-categoria\/"},{"@type":"ListItem","position":3,"name":"ATH M\u00f3vil for Puerto Rico impacts hundreds of nonprofit organizations"}]},{"@type":"WebSite","@id":"https:\/\/evertectrends.com\/#website","url":"https:\/\/evertectrends.com\/","name":"Evertec Trends","description":"As tend\u00eancias de tecnologia para inovar com estrat\u00e9gia","publisher":{"@id":"https:\/\/evertectrends.com\/#organization"},"potentialAction":[{"@type":"SearchAction","target":{"@type":"EntryPoint","urlTemplate":"https:\/\/evertectrends.com\/?s={search_term_string}"},"query-input":{"@type":"PropertyValueSpecification","valueRequired":true,"valueName":"search_term_string"}}],"inLanguage":"en-US"},{"@type":"Organization","@id":"https:\/\/evertectrends.com\/#organization","name":"Evertec Trends","url":"https:\/\/evertectrends.com\/","logo":{"@type":"ImageObject","inLanguage":"en-US","@id":"https:\/\/evertectrends.com\/#\/schema\/logo\/image\/","url":"https:\/\/evertectrends.com\/wp-content\/uploads\/2024\/06\/evertectrends-sq.png","contentUrl":"https:\/\/evertectrends.com\/wp-content\/uploads\/2024\/06\/evertectrends-sq.png","width":416,"height":417,"caption":"Evertec Trends"},"image":{"@id":"https:\/\/evertectrends.com\/#\/schema\/logo\/image\/"}},{"@type":"Person","@id":"https:\/\/evertectrends.com\/#\/schema\/person\/07899642d9e4667697b7b0463442d054","name":"Evertec Trends","image":{"@type":"ImageObject","inLanguage":"en-US","@id":"https:\/\/secure.gravatar.com\/avatar\/f46217c56c100deb166f67953efa3f81077701bca98a102e48544095d631803d?s=96&d=robohash&r=g","url":"https:\/\/secure.gravatar.com\/avatar\/f46217c56c100deb166f67953efa3f81077701bca98a102e48544095d631803d?s=96&d=robohash&r=g","contentUrl":"https:\/\/secure.gravatar.com\/avatar\/f46217c56c100deb166f67953efa3f81077701bca98a102e48544095d631803d?s=96&d=robohash&r=g","caption":"Evertec Trends"},"description":"Mais que um portal de conte\u00fados, um ponto de encontro para quem quer desvendar o setor financeiro.","sameAs":["https:\/\/www.instagram.com\/evertecinc","https:\/\/www.linkedin.com\/company\/evertec\/"],"url":"https:\/\/evertectrends.com\/en\/author\/evertectrends\/"}]}},"featured_image_url":"https:\/\/evertectrends.com\/wp-content\/uploads\/2025\/07\/imagen-alexandra-lopez-soler-equipo-ejecutivo-evertec-150x150.jpeg","primary_category":"Sin categor\u00eda","_links":{"self":[{"href":"https:\/\/evertectrends.com\/en\/wp-json\/wp\/v2\/posts\/41569","targetHints":{"allow":["GET"]}}],"collection":[{"href":"https:\/\/evertectrends.com\/en\/wp-json\/wp\/v2\/posts"}],"about":[{"href":"https:\/\/evertectrends.com\/en\/wp-json\/wp\/v2\/types\/post"}],"author":[{"embeddable":true,"href":"https:\/\/evertectrends.com\/en\/wp-json\/wp\/v2\/users\/9"}],"replies":[{"embeddable":true,"href":"https:\/\/evertectrends.com\/en\/wp-json\/wp\/v2\/comments?post=41569"}],"version-history":[{"count":5,"href":"https:\/\/evertectrends.com\/en\/wp-json\/wp\/v2\/posts\/41569\/revisions"}],"predecessor-version":[{"id":68597,"href":"https:\/\/evertectrends.com\/en\/wp-json\/wp\/v2\/posts\/41569\/revisions\/68597"}],"wp:featuredmedia":[{"embeddable":true,"href":"https:\/\/evertectrends.com\/en\/wp-json\/wp\/v2\/media\/68595"}],"wp:attachment":[{"href":"https:\/\/evertectrends.com\/en\/wp-json\/wp\/v2\/media?parent=41569"}],"wp:term":[{"taxonomy":"category","embeddable":true,"href":"https:\/\/evertectrends.com\/en\/wp-json\/wp\/v2\/categories?post=41569"},{"taxonomy":"post_tag","embeddable":true,"href":"https:\/\/evertectrends.com\/en\/wp-json\/wp\/v2\/tags?post=41569"}],"curies":[{"name":"wp","href":"https:\/\/api.w.org\/{rel}","templated":true}]}}