{"id":30754,"date":"2021-08-27T09:31:29","date_gmt":"2021-08-27T12:31:29","guid":{"rendered":"https:\/\/www.evertecinc.com\/conoce-a-una-de-nuestras-lideres-paola-perez\/"},"modified":"2025-08-19T11:49:21","modified_gmt":"2025-08-19T14:49:21","slug":"meet-one-of-our-leaders-paola-perez","status":"publish","type":"post","link":"https:\/\/evertectrends.com\/en\/meet-one-of-our-leaders-paola-perez\/","title":{"rendered":"Meet one of our leaders: Paola P\u00e9rez"},"content":{"rendered":"<p><strong>At Evertec, we are committed to diversity, gender equality and the development of women. These are key features of our success that distinguish us and fill us with pride.<\/strong><\/p>\n<p>Meet one of our leaders:<\/p>\n<p><strong>Paola P\u00e9rez<\/strong> is Executive Vice President and Chief Administrative Officer. She previously served as Evertec&#8217;s Executive Vice President of People and Culture and Evertec&#8217;s Internal Audit Director.<\/p>\n<p>She earned her bachelor&#8217;s degree in Accounting from Fairfield University in May 2005 and has been a Certified Public Accountant since February 2009. She worked at Chartis as External Reporting Manager for the Latin America region and at PriceWaterHouseCoopers as a Senior Auditor. During her time at PriceWaterHouseCoopers she worked with different public traded clients in the financial sector and in the healthcare industry. In 2015, she was recognized with the award of 40 Under 40 by Caribbean Business.<\/p>\n<p><em>We are proud to have women like Paola, at Evertec, women who demonstrate and ensure that our ongoing commitment to diversity and inclusion are integrated into our business practices and decisions. This commitment has led us to be recognized and included, for the third time in a row, in Bloomberg\u2019s <strong>Gender Equality Index<\/strong>. At Evertec, we believe that diversity in our workforce is our formula for successful innovation.<\/em><\/p>\n","protected":false},"excerpt":{"rendered":"<p>At Evertec, we are committed to diversity, gender equality and the development of women. These are key features of our success that distinguish us and fill us with pride. Meet one of our leaders: Paola P\u00e9rez is Executive Vice President and Chief Administrative Officer. She previously served as Evertec&#8217;s Executive Vice President of People and [&hellip;]<\/p>\n","protected":false},"author":9,"featured_media":67154,"comment_status":"open","ping_status":"open","sticky":false,"template":"","format":"standard","meta":{"footnotes":""},"categories":[2212],"tags":[],"class_list":["post-30754","post","type-post","status-publish","format-standard","has-post-thumbnail","hentry","category-articles-evertec"],"yoast_head":"<!-- This site is optimized with the Yoast SEO plugin v27.5 - https:\/\/yoast.com\/product\/yoast-seo-wordpress\/ -->\n<title>Meet one of our leaders: Paola P\u00e9rez - Evertec Trends<\/title>\n<meta name=\"description\" content=\"As tend\u00eancias de tecnologia para inovar com estrat\u00e9gia\" \/>\n<meta name=\"robots\" content=\"index, follow, max-snippet:-1, max-image-preview:large, max-video-preview:-1\" \/>\n<link rel=\"canonical\" href=\"https:\/\/evertectrends.com\/en\/meet-one-of-our-leaders-paola-perez\/\" \/>\n<meta property=\"og:locale\" content=\"en_US\" \/>\n<meta property=\"og:type\" content=\"article\" \/>\n<meta property=\"og:title\" content=\"Meet one of our leaders: Paola P\u00e9rez - Evertec Trends\" \/>\n<meta property=\"og:description\" content=\"As tend\u00eancias de tecnologia para inovar com estrat\u00e9gia\" \/>\n<meta property=\"og:url\" content=\"https:\/\/evertectrends.com\/en\/meet-one-of-our-leaders-paola-perez\/\" \/>\n<meta property=\"og:site_name\" content=\"Evertec Trends\" \/>\n<meta property=\"article:published_time\" content=\"2021-08-27T12:31:29+00:00\" \/>\n<meta property=\"article:modified_time\" content=\"2025-08-19T14:49:21+00:00\" \/>\n<meta property=\"og:image\" content=\"https:\/\/evertectrends.com\/wp-content\/uploads\/2025\/07\/EN-Paola-Perez.jpg\" \/>\n\t<meta property=\"og:image:width\" content=\"1024\" \/>\n\t<meta property=\"og:image:height\" content=\"529\" \/>\n\t<meta property=\"og:image:type\" content=\"image\/jpeg\" \/>\n<meta name=\"author\" content=\"Evertec Trends\" \/>\n<meta name=\"twitter:card\" content=\"summary_large_image\" \/>\n<meta name=\"twitter:label1\" content=\"Written by\" \/>\n\t<meta name=\"twitter:data1\" content=\"Evertec Trends\" \/>\n\t<meta name=\"twitter:label2\" content=\"Est. reading time\" \/>\n\t<meta name=\"twitter:data2\" content=\"1 minute\" \/>\n<script type=\"application\/ld+json\" class=\"yoast-schema-graph\">{\"@context\":\"https:\\\/\\\/schema.org\",\"@graph\":[{\"@type\":\"Article\",\"@id\":\"https:\\\/\\\/evertectrends.com\\\/en\\\/meet-one-of-our-leaders-paola-perez\\\/#article\",\"isPartOf\":{\"@id\":\"https:\\\/\\\/evertectrends.com\\\/en\\\/meet-one-of-our-leaders-paola-perez\\\/\"},\"author\":{\"name\":\"Evertec Trends\",\"@id\":\"https:\\\/\\\/evertectrends.com\\\/#\\\/schema\\\/person\\\/07899642d9e4667697b7b0463442d054\"},\"headline\":\"Meet one of our leaders: Paola P\u00e9rez\",\"datePublished\":\"2021-08-27T12:31:29+00:00\",\"dateModified\":\"2025-08-19T14:49:21+00:00\",\"mainEntityOfPage\":{\"@id\":\"https:\\\/\\\/evertectrends.com\\\/en\\\/meet-one-of-our-leaders-paola-perez\\\/\"},\"wordCount\":216,\"commentCount\":0,\"publisher\":{\"@id\":\"https:\\\/\\\/evertectrends.com\\\/#organization\"},\"image\":{\"@id\":\"https:\\\/\\\/evertectrends.com\\\/en\\\/meet-one-of-our-leaders-paola-perez\\\/#primaryimage\"},\"thumbnailUrl\":\"https:\\\/\\\/evertectrends.com\\\/wp-content\\\/uploads\\\/2025\\\/07\\\/EN-Paola-Perez.jpg\",\"articleSection\":[\"Evertec\"],\"inLanguage\":\"en-US\",\"potentialAction\":[{\"@type\":\"CommentAction\",\"name\":\"Comment\",\"target\":[\"https:\\\/\\\/evertectrends.com\\\/en\\\/meet-one-of-our-leaders-paola-perez\\\/#respond\"]}]},{\"@type\":\"WebPage\",\"@id\":\"https:\\\/\\\/evertectrends.com\\\/en\\\/meet-one-of-our-leaders-paola-perez\\\/\",\"url\":\"https:\\\/\\\/evertectrends.com\\\/en\\\/meet-one-of-our-leaders-paola-perez\\\/\",\"name\":\"Meet one of our leaders: Paola P\u00e9rez - Evertec Trends\",\"isPartOf\":{\"@id\":\"https:\\\/\\\/evertectrends.com\\\/#website\"},\"primaryImageOfPage\":{\"@id\":\"https:\\\/\\\/evertectrends.com\\\/en\\\/meet-one-of-our-leaders-paola-perez\\\/#primaryimage\"},\"image\":{\"@id\":\"https:\\\/\\\/evertectrends.com\\\/en\\\/meet-one-of-our-leaders-paola-perez\\\/#primaryimage\"},\"thumbnailUrl\":\"https:\\\/\\\/evertectrends.com\\\/wp-content\\\/uploads\\\/2025\\\/07\\\/EN-Paola-Perez.jpg\",\"datePublished\":\"2021-08-27T12:31:29+00:00\",\"dateModified\":\"2025-08-19T14:49:21+00:00\",\"description\":\"As tend\u00eancias de tecnologia para inovar com estrat\u00e9gia\",\"breadcrumb\":{\"@id\":\"https:\\\/\\\/evertectrends.com\\\/en\\\/meet-one-of-our-leaders-paola-perez\\\/#breadcrumb\"},\"inLanguage\":\"en-US\",\"potentialAction\":[{\"@type\":\"ReadAction\",\"target\":[\"https:\\\/\\\/evertectrends.com\\\/en\\\/meet-one-of-our-leaders-paola-perez\\\/\"]}]},{\"@type\":\"ImageObject\",\"inLanguage\":\"en-US\",\"@id\":\"https:\\\/\\\/evertectrends.com\\\/en\\\/meet-one-of-our-leaders-paola-perez\\\/#primaryimage\",\"url\":\"https:\\\/\\\/evertectrends.com\\\/wp-content\\\/uploads\\\/2025\\\/07\\\/EN-Paola-Perez.jpg\",\"contentUrl\":\"https:\\\/\\\/evertectrends.com\\\/wp-content\\\/uploads\\\/2025\\\/07\\\/EN-Paola-Perez.jpg\",\"width\":1024,\"height\":529,\"caption\":\"DCC, transaction choices for consumers\"},{\"@type\":\"BreadcrumbList\",\"@id\":\"https:\\\/\\\/evertectrends.com\\\/en\\\/meet-one-of-our-leaders-paola-perez\\\/#breadcrumb\",\"itemListElement\":[{\"@type\":\"ListItem\",\"position\":1,\"name\":\"Home\",\"item\":\"https:\\\/\\\/evertectrends.com\\\/\"},{\"@type\":\"ListItem\",\"position\":2,\"name\":\"Evertec\",\"item\":\"https:\\\/\\\/evertectrends.com\\\/en\\\/categories\\\/articles-evertec\\\/\"},{\"@type\":\"ListItem\",\"position\":3,\"name\":\"Meet one of our leaders: Paola P\u00e9rez\"}]},{\"@type\":\"WebSite\",\"@id\":\"https:\\\/\\\/evertectrends.com\\\/#website\",\"url\":\"https:\\\/\\\/evertectrends.com\\\/\",\"name\":\"Evertec Trends\",\"description\":\"As tend\u00eancias de tecnologia para inovar com estrat\u00e9gia\",\"publisher\":{\"@id\":\"https:\\\/\\\/evertectrends.com\\\/#organization\"},\"potentialAction\":[{\"@type\":\"SearchAction\",\"target\":{\"@type\":\"EntryPoint\",\"urlTemplate\":\"https:\\\/\\\/evertectrends.com\\\/?s={search_term_string}\"},\"query-input\":{\"@type\":\"PropertyValueSpecification\",\"valueRequired\":true,\"valueName\":\"search_term_string\"}}],\"inLanguage\":\"en-US\"},{\"@type\":\"Organization\",\"@id\":\"https:\\\/\\\/evertectrends.com\\\/#organization\",\"name\":\"Evertec Trends\",\"url\":\"https:\\\/\\\/evertectrends.com\\\/\",\"logo\":{\"@type\":\"ImageObject\",\"inLanguage\":\"en-US\",\"@id\":\"https:\\\/\\\/evertectrends.com\\\/#\\\/schema\\\/logo\\\/image\\\/\",\"url\":\"https:\\\/\\\/evertectrends.com\\\/wp-content\\\/uploads\\\/2024\\\/06\\\/evertectrends-sq.png\",\"contentUrl\":\"https:\\\/\\\/evertectrends.com\\\/wp-content\\\/uploads\\\/2024\\\/06\\\/evertectrends-sq.png\",\"width\":416,\"height\":417,\"caption\":\"Evertec Trends\"},\"image\":{\"@id\":\"https:\\\/\\\/evertectrends.com\\\/#\\\/schema\\\/logo\\\/image\\\/\"}},{\"@type\":\"Person\",\"@id\":\"https:\\\/\\\/evertectrends.com\\\/#\\\/schema\\\/person\\\/07899642d9e4667697b7b0463442d054\",\"name\":\"Evertec Trends\",\"image\":{\"@type\":\"ImageObject\",\"inLanguage\":\"en-US\",\"@id\":\"https:\\\/\\\/secure.gravatar.com\\\/avatar\\\/f46217c56c100deb166f67953efa3f81077701bca98a102e48544095d631803d?s=96&d=robohash&r=g\",\"url\":\"https:\\\/\\\/secure.gravatar.com\\\/avatar\\\/f46217c56c100deb166f67953efa3f81077701bca98a102e48544095d631803d?s=96&d=robohash&r=g\",\"contentUrl\":\"https:\\\/\\\/secure.gravatar.com\\\/avatar\\\/f46217c56c100deb166f67953efa3f81077701bca98a102e48544095d631803d?s=96&d=robohash&r=g\",\"caption\":\"Evertec Trends\"},\"description\":\"Mais que um portal de conte\u00fados, um ponto de encontro para quem quer desvendar o setor financeiro.\",\"sameAs\":[\"https:\\\/\\\/www.instagram.com\\\/evertecinc\",\"https:\\\/\\\/www.linkedin.com\\\/company\\\/evertec\\\/\"],\"url\":\"https:\\\/\\\/evertectrends.com\\\/en\\\/author\\\/evertectrends\\\/\"}]}<\/script>\n<!-- \/ Yoast SEO plugin. -->","yoast_head_json":{"title":"Meet one of our leaders: Paola P\u00e9rez - Evertec Trends","description":"As tend\u00eancias de tecnologia para inovar com estrat\u00e9gia","robots":{"index":"index","follow":"follow","max-snippet":"max-snippet:-1","max-image-preview":"max-image-preview:large","max-video-preview":"max-video-preview:-1"},"canonical":"https:\/\/evertectrends.com\/en\/meet-one-of-our-leaders-paola-perez\/","og_locale":"en_US","og_type":"article","og_title":"Meet one of our leaders: Paola P\u00e9rez - Evertec Trends","og_description":"As tend\u00eancias de tecnologia para inovar com estrat\u00e9gia","og_url":"https:\/\/evertectrends.com\/en\/meet-one-of-our-leaders-paola-perez\/","og_site_name":"Evertec Trends","article_published_time":"2021-08-27T12:31:29+00:00","article_modified_time":"2025-08-19T14:49:21+00:00","og_image":[{"width":1024,"height":529,"url":"https:\/\/evertectrends.com\/wp-content\/uploads\/2025\/07\/EN-Paola-Perez.jpg","type":"image\/jpeg"}],"author":"Evertec Trends","twitter_card":"summary_large_image","twitter_misc":{"Written by":"Evertec Trends","Est. reading time":"1 minute"},"schema":{"@context":"https:\/\/schema.org","@graph":[{"@type":"Article","@id":"https:\/\/evertectrends.com\/en\/meet-one-of-our-leaders-paola-perez\/#article","isPartOf":{"@id":"https:\/\/evertectrends.com\/en\/meet-one-of-our-leaders-paola-perez\/"},"author":{"name":"Evertec Trends","@id":"https:\/\/evertectrends.com\/#\/schema\/person\/07899642d9e4667697b7b0463442d054"},"headline":"Meet one of our leaders: Paola P\u00e9rez","datePublished":"2021-08-27T12:31:29+00:00","dateModified":"2025-08-19T14:49:21+00:00","mainEntityOfPage":{"@id":"https:\/\/evertectrends.com\/en\/meet-one-of-our-leaders-paola-perez\/"},"wordCount":216,"commentCount":0,"publisher":{"@id":"https:\/\/evertectrends.com\/#organization"},"image":{"@id":"https:\/\/evertectrends.com\/en\/meet-one-of-our-leaders-paola-perez\/#primaryimage"},"thumbnailUrl":"https:\/\/evertectrends.com\/wp-content\/uploads\/2025\/07\/EN-Paola-Perez.jpg","articleSection":["Evertec"],"inLanguage":"en-US","potentialAction":[{"@type":"CommentAction","name":"Comment","target":["https:\/\/evertectrends.com\/en\/meet-one-of-our-leaders-paola-perez\/#respond"]}]},{"@type":"WebPage","@id":"https:\/\/evertectrends.com\/en\/meet-one-of-our-leaders-paola-perez\/","url":"https:\/\/evertectrends.com\/en\/meet-one-of-our-leaders-paola-perez\/","name":"Meet one of our leaders: Paola P\u00e9rez - Evertec Trends","isPartOf":{"@id":"https:\/\/evertectrends.com\/#website"},"primaryImageOfPage":{"@id":"https:\/\/evertectrends.com\/en\/meet-one-of-our-leaders-paola-perez\/#primaryimage"},"image":{"@id":"https:\/\/evertectrends.com\/en\/meet-one-of-our-leaders-paola-perez\/#primaryimage"},"thumbnailUrl":"https:\/\/evertectrends.com\/wp-content\/uploads\/2025\/07\/EN-Paola-Perez.jpg","datePublished":"2021-08-27T12:31:29+00:00","dateModified":"2025-08-19T14:49:21+00:00","description":"As tend\u00eancias de tecnologia para inovar com estrat\u00e9gia","breadcrumb":{"@id":"https:\/\/evertectrends.com\/en\/meet-one-of-our-leaders-paola-perez\/#breadcrumb"},"inLanguage":"en-US","potentialAction":[{"@type":"ReadAction","target":["https:\/\/evertectrends.com\/en\/meet-one-of-our-leaders-paola-perez\/"]}]},{"@type":"ImageObject","inLanguage":"en-US","@id":"https:\/\/evertectrends.com\/en\/meet-one-of-our-leaders-paola-perez\/#primaryimage","url":"https:\/\/evertectrends.com\/wp-content\/uploads\/2025\/07\/EN-Paola-Perez.jpg","contentUrl":"https:\/\/evertectrends.com\/wp-content\/uploads\/2025\/07\/EN-Paola-Perez.jpg","width":1024,"height":529,"caption":"DCC, transaction choices for consumers"},{"@type":"BreadcrumbList","@id":"https:\/\/evertectrends.com\/en\/meet-one-of-our-leaders-paola-perez\/#breadcrumb","itemListElement":[{"@type":"ListItem","position":1,"name":"Home","item":"https:\/\/evertectrends.com\/"},{"@type":"ListItem","position":2,"name":"Evertec","item":"https:\/\/evertectrends.com\/en\/categories\/articles-evertec\/"},{"@type":"ListItem","position":3,"name":"Meet one of our leaders: Paola P\u00e9rez"}]},{"@type":"WebSite","@id":"https:\/\/evertectrends.com\/#website","url":"https:\/\/evertectrends.com\/","name":"Evertec Trends","description":"As tend\u00eancias de tecnologia para inovar com estrat\u00e9gia","publisher":{"@id":"https:\/\/evertectrends.com\/#organization"},"potentialAction":[{"@type":"SearchAction","target":{"@type":"EntryPoint","urlTemplate":"https:\/\/evertectrends.com\/?s={search_term_string}"},"query-input":{"@type":"PropertyValueSpecification","valueRequired":true,"valueName":"search_term_string"}}],"inLanguage":"en-US"},{"@type":"Organization","@id":"https:\/\/evertectrends.com\/#organization","name":"Evertec Trends","url":"https:\/\/evertectrends.com\/","logo":{"@type":"ImageObject","inLanguage":"en-US","@id":"https:\/\/evertectrends.com\/#\/schema\/logo\/image\/","url":"https:\/\/evertectrends.com\/wp-content\/uploads\/2024\/06\/evertectrends-sq.png","contentUrl":"https:\/\/evertectrends.com\/wp-content\/uploads\/2024\/06\/evertectrends-sq.png","width":416,"height":417,"caption":"Evertec Trends"},"image":{"@id":"https:\/\/evertectrends.com\/#\/schema\/logo\/image\/"}},{"@type":"Person","@id":"https:\/\/evertectrends.com\/#\/schema\/person\/07899642d9e4667697b7b0463442d054","name":"Evertec Trends","image":{"@type":"ImageObject","inLanguage":"en-US","@id":"https:\/\/secure.gravatar.com\/avatar\/f46217c56c100deb166f67953efa3f81077701bca98a102e48544095d631803d?s=96&d=robohash&r=g","url":"https:\/\/secure.gravatar.com\/avatar\/f46217c56c100deb166f67953efa3f81077701bca98a102e48544095d631803d?s=96&d=robohash&r=g","contentUrl":"https:\/\/secure.gravatar.com\/avatar\/f46217c56c100deb166f67953efa3f81077701bca98a102e48544095d631803d?s=96&d=robohash&r=g","caption":"Evertec Trends"},"description":"Mais que um portal de conte\u00fados, um ponto de encontro para quem quer desvendar o setor financeiro.","sameAs":["https:\/\/www.instagram.com\/evertecinc","https:\/\/www.linkedin.com\/company\/evertec\/"],"url":"https:\/\/evertectrends.com\/en\/author\/evertectrends\/"}]}},"featured_image_url":"https:\/\/evertectrends.com\/wp-content\/uploads\/2025\/07\/EN-Paola-Perez.jpg","primary_category":"Evertec","_links":{"self":[{"href":"https:\/\/evertectrends.com\/en\/wp-json\/wp\/v2\/posts\/30754","targetHints":{"allow":["GET"]}}],"collection":[{"href":"https:\/\/evertectrends.com\/en\/wp-json\/wp\/v2\/posts"}],"about":[{"href":"https:\/\/evertectrends.com\/en\/wp-json\/wp\/v2\/types\/post"}],"author":[{"embeddable":true,"href":"https:\/\/evertectrends.com\/en\/wp-json\/wp\/v2\/users\/9"}],"replies":[{"embeddable":true,"href":"https:\/\/evertectrends.com\/en\/wp-json\/wp\/v2\/comments?post=30754"}],"version-history":[{"count":3,"href":"https:\/\/evertectrends.com\/en\/wp-json\/wp\/v2\/posts\/30754\/revisions"}],"predecessor-version":[{"id":66473,"href":"https:\/\/evertectrends.com\/en\/wp-json\/wp\/v2\/posts\/30754\/revisions\/66473"}],"wp:featuredmedia":[{"embeddable":true,"href":"https:\/\/evertectrends.com\/en\/wp-json\/wp\/v2\/media\/67154"}],"wp:attachment":[{"href":"https:\/\/evertectrends.com\/en\/wp-json\/wp\/v2\/media?parent=30754"}],"wp:term":[{"taxonomy":"category","embeddable":true,"href":"https:\/\/evertectrends.com\/en\/wp-json\/wp\/v2\/categories?post=30754"},{"taxonomy":"post_tag","embeddable":true,"href":"https:\/\/evertectrends.com\/en\/wp-json\/wp\/v2\/tags?post=30754"}],"curies":[{"name":"wp","href":"https:\/\/api.w.org\/{rel}","templated":true}]}}